{"id":119608,"date":"2025-12-29T11:08:10","date_gmt":"2025-12-29T11:08:10","guid":{"rendered":"https:\/\/www.europesays.com\/se\/119608\/"},"modified":"2025-12-29T11:08:10","modified_gmt":"2025-12-29T11:08:10","slug":"sa-skrev-tjuvjakt-sinhitlat-tusen-spann","status":"publish","type":"post","link":"https:\/\/www.europesays.com\/se\/119608\/","title":{"rendered":"S\u00e5 skrev Tjuvjakt sin\nhitl\u00e5t \u201dTusen sp\u00e4nn\u201d"},"content":{"rendered":"<p>Publicerad 28 dec 2025 kl 17.25Uppdaterad kl 21.34<\/p>\n<p>I Expressens \u201dI studion\u201d ber\u00e4ttar Tjuvjakt om hur de tog hj\u00e4lp av Olga Myko och Fanny Avonne f\u00f6r att f\u00e4rdigst\u00e4lla \u201dTusen sp\u00e4nn\u201d.<\/p>\n<p>Redan innan den sl\u00e4pptes f\u00f6rstod de vilken succ\u00e9 den skulle bli.\u00a0<\/p>\n<p>\u201dJag k\u00e4nde att \u2018Om inte den h\u00e4r funkar, d\u00e5 vet jag ingenting om vad vi h\u00e5ller p\u00e5 med\u2019\u201d, s\u00e4ger Kid Eriksson.<\/p>\n<p>I Expressens \u201dI studion\u201d ber\u00e4ttar Tjuvjakt om tankarna inf\u00f6r sl\u00e4ppet av sommarens stora hit \u201dTusen sp\u00e4nn\u201d.<img   alt=\"\"\/>\u00d6ppna bild i helsk\u00e4rm<\/p>\n<p>\u201dTusen sp\u00e4nn\u201d av Tjuvjakt och Fanny Avonne \u00e4r en av \u00e5rets st\u00f6rsta l\u00e5tar.\u00a0<\/p>\n<p>N\u00e4r Expressens Maja Slobodnik m\u00f6ter gruppen i deras studio i centrala Stockholm ber\u00e4ttar de att de inte hade kunnat f\u00e4rdigst\u00e4lla l\u00e5ten om inte l\u00e5tskrivarna Fanny Avonne och Olga Myko kommit in i bilden.\u00a0<\/p>\n<p>Redan innan den sl\u00e4pptes f\u00f6rstod Tjuvjakt att den skulle bli en hit.<\/p>\n<p>\u2013 Jag kommer ih\u00e5g att jag k\u00e4nde att \u2018Om inte den h\u00e4r funkar, d\u00e5 vet jag ingenting om vad vi h\u00e5ller p\u00e5 med\u2019\u201d, s\u00e4ger Kid Eriksson i \u201dI studion\u201d.<\/p>\n<p>\u2013 Folk har haft den i huvudet hela sommaren, och vi ber om urs\u00e4kt, s\u00e4ger han vidare.<\/p>\n<p>Arvid Lundquist fyller i:\u00a0<\/p>\n<p>\u2013 Sommarlpl\u00e5gan. Sorry not sorry.<\/p>\n<p>\u201dTusen sp\u00e4nn \u2013\u00a0diskb\u00e4nksrealism\u201d<\/p>\n<p>Att skriva \u201dTusen sp\u00e4nn\u201d gick dessutom p\u00e5 rekordtid, konstaterar gruppen.<\/p>\n<p>\u2013 Alla v\u00e5ra hits har g\u00e5tt p\u00e5 typ 20 minuter\u201d, s\u00e4ger Olle Grafstr\u00f6m.<\/p>\n<p>Men vad inneb\u00f6rden av uttrycket \u201dTusen sp\u00e4nn\u201d faktiskt betyder har de vitt skilda tankar om.\u00a0<\/p>\n<p>\u2013 Det k\u00e4nns v\u00e4ldigt svenskt att i USA s\u00e4ger man \u201dfeel like a million bucks\u201d, men i Sverige s\u00e4ger man k\u00e4nner sig som \u201dtusen sp\u00e4nn\u201d, sk\u00e4mtar Olle Grafstr\u00f6m.\u00a0<\/p>\n<p>\u2013 Diskb\u00e4nksrealism, s\u00e4ger han och skrattar.<\/p>\n<p>Se hela intervjun p\u00e5 Expressens Youtubekanal eller p\u00e5 Spotify.<\/p>\n","protected":false},"excerpt":{"rendered":"Publicerad 28 dec 2025 kl 17.25Uppdaterad kl 21.34 I Expressens \u201dI studion\u201d ber\u00e4ttar Tjuvjakt om hur de tog&hellip;\n","protected":false},"author":2,"featured_media":119609,"comment_status":"","ping_status":"","sticky":false,"template":"","format":"standard","meta":{"footnotes":""},"categories":[67],"tags":[104,34,775,31,33,32,30,402,310,105],"class_list":{"0":"post-119608","1":"post","2":"type-post","3":"status-publish","4":"format-standard","5":"has-post-thumbnail","7":"category-underhallning","8":"tag-entertainment","9":"tag-se","10":"tag-sections-musik","11":"tag-svenska","12":"tag-sverige","13":"tag-sweden","14":"tag-swedish","15":"tag-topic-artister","16":"tag-topic-kandisar","17":"tag-underhallning"},"share_on_mastodon":{"url":"https:\/\/pubeurope.com\/@se\/115802544745226848","error":""},"_links":{"self":[{"href":"https:\/\/www.europesays.com\/se\/wp-json\/wp\/v2\/posts\/119608","targetHints":{"allow":["GET"]}}],"collection":[{"href":"https:\/\/www.europesays.com\/se\/wp-json\/wp\/v2\/posts"}],"about":[{"href":"https:\/\/www.europesays.com\/se\/wp-json\/wp\/v2\/types\/post"}],"author":[{"embeddable":true,"href":"https:\/\/www.europesays.com\/se\/wp-json\/wp\/v2\/users\/2"}],"replies":[{"embeddable":true,"href":"https:\/\/www.europesays.com\/se\/wp-json\/wp\/v2\/comments?post=119608"}],"version-history":[{"count":0,"href":"https:\/\/www.europesays.com\/se\/wp-json\/wp\/v2\/posts\/119608\/revisions"}],"wp:featuredmedia":[{"embeddable":true,"href":"https:\/\/www.europesays.com\/se\/wp-json\/wp\/v2\/media\/119609"}],"wp:attachment":[{"href":"https:\/\/www.europesays.com\/se\/wp-json\/wp\/v2\/media?parent=119608"}],"wp:term":[{"taxonomy":"category","embeddable":true,"href":"https:\/\/www.europesays.com\/se\/wp-json\/wp\/v2\/categories?post=119608"},{"taxonomy":"post_tag","embeddable":true,"href":"https:\/\/www.europesays.com\/se\/wp-json\/wp\/v2\/tags?post=119608"}],"curies":[{"name":"wp","href":"https:\/\/api.w.org\/{rel}","templated":true}]}}