{"id":119618,"date":"2025-12-29T11:16:38","date_gmt":"2025-12-29T11:16:38","guid":{"rendered":"https:\/\/www.europesays.com\/se\/119618\/"},"modified":"2025-12-29T11:16:38","modified_gmt":"2025-12-29T11:16:38","slug":"dn-gratulerar-arets-spelare-sabi-mango","status":"publish","type":"post","link":"https:\/\/www.europesays.com\/se\/119618\/","title":{"rendered":"DN gratulerar \u00c5rets spelare Sabi Mango"},"content":{"rendered":"<p>F\u00f6r ungef\u00e4r ett \u00e5r sedan kom hon ut som furry. Sedan dess har livet inte varit detsamma f\u00f6r Sabi Mango.<\/p>\n<p>\u2013 Man kan vara en furry p\u00e5 m\u00e5nga s\u00e4tt, men det gemensamma \u00e4r att man tycker om antropomorfa karakt\u00e4rer, det vill s\u00e4ga varelser med m\u00e4nskliga drag, s\u00e4ger Sabi Mango.<\/p>\n<p>Det r\u00e4cker f\u00f6r att kalla sig furry, men m\u00e5nga, liksom Sabi, kl\u00e4r ocks\u00e5 ut sig. De har sin fursona, sin persona, och sin fursuit, sin dr\u00e4kt. Vissa dr\u00e4kter t\u00e4cker hela kroppen, medan Sabis \u00f6kenr\u00e4v bara har huvud, tassar och svans.<\/p>\n<p>\u2013 Jag \u00e4lskar mode och vill kunna stajla mig i olika kl\u00e4der \u00e4ven n\u00e4r jag har masken p\u00e5 mig. Annars \u00e4r min garderob kolsvart.<\/p>\n<p>          <img decoding=\"async\" class=\"picture__img\" src=\"https:\/\/www.europesays.com\/se\/wp-content\/uploads\/2025\/12\/20967124-10a5-4b9d-897a-ced1fc0e5304.jpeg\"   alt=\"S\u00e5 h\u00e4r kan det se ut n\u00e4r en furry arbetar.\"\/><\/p>\n<p>      S\u00e5 h\u00e4r kan det se ut n\u00e4r en furry arbetar.<\/p>\n<p>      Foto: Linus Sundahl-Djerf<\/p>\n<p><strong>Det var n\u00e4r<\/strong> Sabi utkl\u00e4dd b\u00f6rjade l\u00e4gga ut sina videor p\u00e5 sociala medier som det tog fart.<\/p>\n<p>\u2013 Jag testade med en film fr\u00e5n ett stort furryevent i Malm\u00f6 \u2013 och den blev megaviral! Innan dess har jag aldrig brytt mig om att ber\u00e4tta f\u00f6r folk, min fursona var min egen grej.<\/p>\n<p>En oskyldig video med en gullig \u00f6kenr\u00e4v v\u00e4ckte k\u00e4rlek, framf\u00f6r allt hos unga \u2013 men ocks\u00e5 helt andra k\u00e4nslor.<\/p>\n<p><strong>Vilka m\u00e4nniskor \u00e4r det som hatar dig?<\/strong><\/p>\n<p>\u2013 Det kan vara en pappa med sm\u00e5barn. Det kan vara en mamma som skriver att om hon hade haft ett barn som jag skulle hon d\u00f6da det. S\u00e5na sjuka grejer! De skriver att de ska v\u00e5ldta mig eller att det snart \u00e4r jakts\u00e4song och d\u00e5 f\u00e5r de skjuta mig, eller att man visst f\u00e5r k\u00f6ra \u00f6ver djur.<\/p>\n<p>Sabi polisanm\u00e4ler de gr\u00f6vsta inl\u00e4ggen.<\/p>\n<p>\u2013 Det k\u00e4ndes som jag blev tio \u00e5r \u00e4ldre p\u00e5 bara n\u00e5gra dagar. Men jag f\u00f6rs\u00f6ker att inte ta det personligt. Tr\u00e4ffar jag p\u00e5 n\u00e5gra ute som b\u00f6rjar tjafsa \u2013 ofta v\u00e5gar de inte g\u00f6ra n\u00e5got \u00f6ga mot \u00f6ga \u2013 brukar jag s\u00e4ga: \u201dGillar du inte Bamse? Han \u00e4r Sveriges k\u00e4ndaste furry\u201d \u2013 d\u00e5 blir de tysta.<\/p>\n<p>          <img decoding=\"async\" class=\"picture__img\" src=\"https:\/\/www.europesays.com\/se\/wp-content\/uploads\/2025\/12\/4a68d0f5-d039-4194-bb80-c9f0e8ff8d73.jpeg\"   alt=\"\u201dJag brukar s\u00e4ga att alla som jobbar med it \u00e4r inte furries, men alla furries jobbar med it p\u00e5 n\u00e5got s\u00e4tt\u201d\"\/><\/p>\n<p>      \u201dJag brukar s\u00e4ga att alla som jobbar med it \u00e4r inte furries, men alla furries jobbar med it p\u00e5 n\u00e5got s\u00e4tt\u201d<\/p>\n<p>      Foto: Linus Sundahl-Djerf<\/p>\n<p><strong>Samtidigt som m\u00e5nga<\/strong> m\u00e4nniskor hatar henne v\u00e4xer klungan som \u00e4lskar henne. Till slut kanske det goda vinner \u00f6ver det onda. I hennes pastelliga lilla l\u00e4genhet st\u00e5r kassar fulla med brev och presenter fr\u00e5n hennes f\u00f6ljare. Men med tillgivenhet f\u00f6ljer ocks\u00e5 ansvar.<\/p>\n<p>\u2013 Sabi Mango st\u00e5r f\u00f6r r\u00e4ttvisa, f\u00f6r k\u00e4rlek och tolerans. Jag vill sprida positiva tankar.<\/p>\n<p>Sabi v\u00e4xte upp i den sk\u00e5nska \u201dorten\u201d, i kl\u00e4m mellan tv\u00e5 str\u00e4nga kulturer, b\u00e5da med starkt kollektivt\u00e4nk. Fursonan blev hennes r\u00e4ddning.<\/p>\n<p>\u2013 Jag har alltid varit rebell, gjort motst\u00e5nd, inte velat bli bed\u00f6md eller stoppad i ett fack. Har jag p\u00e5 mig min mask k\u00e4nner jag mig fri.<\/p>\n<p>          <img decoding=\"async\" class=\"picture__img\" src=\"https:\/\/www.europesays.com\/se\/wp-content\/uploads\/2025\/12\/f0fc4319-facf-401e-a7f7-04196c298ed9.jpeg\"   alt=\"\u201dMin fursona \u00e4r bara ett annat s\u00e4tt att uttrycka mitt jag\u201d, s\u00e4ger Sabi Mango.\"\/><\/p>\n<p>      \u201dMin fursona \u00e4r bara ett annat s\u00e4tt att uttrycka mitt jag\u201d, s\u00e4ger Sabi Mango.<\/p>\n<p>      Foto: Linus Sundahl-Djerf<\/p>\n<p>Hennes \u00e4ldsta bror var extremt tekniskt kunnig och byggde egna datorer s\u00e5 Sabi fick tidigt internetaccess.<\/p>\n<p>\u2013 Pok\u00e9mon blev min v\u00e4rld. Jag sydde dr\u00e4kter p\u00e5 sysl\u00f6jden, brydde mig inte om det var om\u00f6jligt \u2013 jag skulle \u00e4nd\u00e5 g\u00f6ra det. Jag har nog varit en n\u00f6rd hela mitt liv.<\/p>\n<p><strong>V\u00e4nnerna hittade<\/strong> hon p\u00e5 n\u00e4tet, i skolan var hon mobbad. Blev tyst och \u201dr\u00e4nde p\u00e5 Bup\u201d. Det \u00e4r f\u00f6rst nu som hon k\u00e4nner att hon har en r\u00f6st, att omv\u00e4rlden lyssnar p\u00e5 henne. I st\u00e4llet f\u00f6r att d\u00f6lja vem hon \u00e4r, f\u00f6rst\u00e4rker kanske dr\u00e4kten de delar av hennes personlighet som omv\u00e4rlden annars missar p\u00e5 grund av sina f\u00f6rdomar.<\/p>\n<p>\u2013 Det \u00e4r inte rollspel, basically \u00e4r det jag i min dr\u00e4kt. Min fursona \u00e4r bara ett annat s\u00e4tt att uttrycka mitt jag.<\/p>\n<p><strong>Kan man vara en furry hur l\u00e4nge som helst?<\/strong><\/p>\n<p>\u2013 Ja. Majoriteten \u00e4r vuxna, eftersom dr\u00e4kterna \u00e4r dyra, de kan kosta upp till 200 000 kronor de har inga barn r\u00e5d med.<\/p>\n<p><strong>Vad s\u00e4ger du till folk som inte fattar grejen med att vara furry?<\/strong><\/p>\n<p>\u2013 Man beh\u00f6ver inte f\u00f6rst\u00e5 allt i v\u00e4rlden \u2013 acceptera och g\u00e5 vidare, s\u00e4ger \u00c5rets spelare 2025.<\/p>\n<p>          Sabi Mango<\/p>\n<p><strong>Gratuleras till:<\/strong> Utsedd till \u00c5rets spelare 2025 av spelorganisationen Sverok. Ur motiveringen: \u201dMed stark integritet, mod och en tydlig vilja att vara sig sj\u00e4lv har \u00c5rets Spelare under 2025 st\u00e5tt upp f\u00f6r personer som identifierar sig som furries eller therians \u2013 och blivit en viktig r\u00f6st f\u00f6r de som ofta osynligg\u00f6rs. Trots att vinnaren dagligen mottar hot och hat s\u00e5 v\u00e4grar denna f\u00f6rebild att vika sig. I st\u00e4llet delar denna person \u00f6ppet med sig av sina erfarenheter, visar att det \u00e4r okej att vara annorlunda och ger styrka \u00e5t andra att v\u00e5ga st\u00e5 f\u00f6r sin identitet och sina hobbyer.\u201d<\/p>\n<p><strong>Bor:<\/strong> Stockholm.<\/p>\n<p><strong>Familj:<\/strong> Mamma, pappa och tv\u00e5 storebr\u00f6der.<\/p>\n<p><strong>G\u00f6r:<\/strong> Massor. Pluggar 3D-teknik p\u00e5 h\u00f6gskolan, jobbar som modell, arbetar p\u00e5 ett modef\u00f6retag, \u00e5ker p\u00e5 furryevent, g\u00f6r meet &amp; greets.<\/p>\n<p><strong>F\u00f6rebild:<\/strong> Tv-spelsfiguren Sonic the Hedgehog. \u201dHan \u00e4r alltid sig sj\u00e4lv, hj\u00e4lper andra och slutar aldrig att springa.\u201d<\/p>\n<p><strong>\u00c4lskar:<\/strong> Att dricka afternoontea.<\/p>\n<p><strong>Favoritdjur:<\/strong> \u00d6kenr\u00e4v och katt.<\/p>\n<p>            Visa mer<\/p>\n<p>            Visa mindre<\/p>\n<p>          Liten subkulturordlista<\/p>\n<p><strong>Cosplay:<\/strong> Att kl\u00e4 ut sig till en rollfigur som h\u00e4mtats ur alltifr\u00e5n science fiction, manga, tecknade serier och datorspel till fantasyfilmer och tv-serier. Fenomenet f\u00f6ddes i Japan.<\/p>\n<p><strong>Therian:<\/strong> N\u00e5gon som identifierar sig med ett djur.<\/p>\n<p><strong>Furry:<\/strong> N\u00e5gon som tycker om antropomorfa karakt\u00e4rer. Uppstod i USA bland animat\u00f6rer hos Disney.<\/p>\n<p>            Visa mer<\/p>\n<p>            Visa mindre<\/p>\n","protected":false},"excerpt":{"rendered":"F\u00f6r ungef\u00e4r ett \u00e5r sedan kom hon ut som furry. Sedan dess har livet inte varit detsamma f\u00f6r&hellip;\n","protected":false},"author":2,"featured_media":119619,"comment_status":"","ping_status":"","sticky":false,"template":"","format":"standard","meta":{"footnotes":""},"categories":[67],"tags":[104,34,31,33,32,30,105],"class_list":{"0":"post-119618","1":"post","2":"type-post","3":"status-publish","4":"format-standard","5":"has-post-thumbnail","7":"category-underhallning","8":"tag-entertainment","9":"tag-se","10":"tag-svenska","11":"tag-sverige","12":"tag-sweden","13":"tag-swedish","14":"tag-underhallning"},"share_on_mastodon":{"url":"https:\/\/pubeurope.com\/@se\/115802576317044500","error":""},"_links":{"self":[{"href":"https:\/\/www.europesays.com\/se\/wp-json\/wp\/v2\/posts\/119618","targetHints":{"allow":["GET"]}}],"collection":[{"href":"https:\/\/www.europesays.com\/se\/wp-json\/wp\/v2\/posts"}],"about":[{"href":"https:\/\/www.europesays.com\/se\/wp-json\/wp\/v2\/types\/post"}],"author":[{"embeddable":true,"href":"https:\/\/www.europesays.com\/se\/wp-json\/wp\/v2\/users\/2"}],"replies":[{"embeddable":true,"href":"https:\/\/www.europesays.com\/se\/wp-json\/wp\/v2\/comments?post=119618"}],"version-history":[{"count":0,"href":"https:\/\/www.europesays.com\/se\/wp-json\/wp\/v2\/posts\/119618\/revisions"}],"wp:featuredmedia":[{"embeddable":true,"href":"https:\/\/www.europesays.com\/se\/wp-json\/wp\/v2\/media\/119619"}],"wp:attachment":[{"href":"https:\/\/www.europesays.com\/se\/wp-json\/wp\/v2\/media?parent=119618"}],"wp:term":[{"taxonomy":"category","embeddable":true,"href":"https:\/\/www.europesays.com\/se\/wp-json\/wp\/v2\/categories?post=119618"},{"taxonomy":"post_tag","embeddable":true,"href":"https:\/\/www.europesays.com\/se\/wp-json\/wp\/v2\/tags?post=119618"}],"curies":[{"name":"wp","href":"https:\/\/api.w.org\/{rel}","templated":true}]}}