{"id":119626,"date":"2025-12-29T11:20:19","date_gmt":"2025-12-29T11:20:19","guid":{"rendered":"https:\/\/www.europesays.com\/se\/119626\/"},"modified":"2025-12-29T11:20:19","modified_gmt":"2025-12-29T11:20:19","slug":"da-blir-ditt-fyrverkeri-ett-lagbrott","status":"publish","type":"post","link":"https:\/\/www.europesays.com\/se\/119626\/","title":{"rendered":"D\u00e5 blir ditt fyrverkeri ett lagbrott"},"content":{"rendered":"<p>\t\t\t<img decoding=\"async\" src=\"https:\/\/www.europesays.com\/se\/wp-content\/uploads\/2025\/12\/221228-fyrverkeri-nyar-pressbild-768x432.png\"   class=\"srcset block-text-image__img\" alt=\"\"\/><\/p>\n<p>Varje \u00e5r kring jul och ny\u00e5r \u00f6kar antalet larm om h\u00f6ga sm\u00e4llar dramatiskt. Med tanke p\u00e5 allvarliga h\u00e4ndelser som intr\u00e4ffat \u00e4r det \u00e4r f\u00f6rst\u00e5eligt att m\u00e4nniskor k\u00e4nner oro n\u00e4r det sm\u00e4ller i deras n\u00e4romr\u00e5de. Polisen uppmanar allm\u00e4nheten att rapportera avvikande h\u00e4ndelser, men det \u00e4r inte alltid l\u00e4tt att avg\u00f6ra vad som orsakat sm\u00e4llen. Fyrverkerier och bangers kan l\u00e5ta v\u00e4ldigt likt skottlossning, och polisen tar alla larm om sm\u00e4llar p\u00e5 allvar.<\/p>\n<p>Men inte s\u00e4llan blir det stora p\u00e5drag bara f\u00f6r att konstatera att det handlar om fyrverkeripj\u00e4ser.<\/p>\n<p>\u2013 Vi har redan sett en \u00f6kning av larm om sm\u00e4llar d\u00e4r det visat sig vara fyrverkerier, s\u00e4ger Christian Winkler som \u00e4r operativ chef vid polisregion \u00f6sts driftcentral.<\/p>\n<p>Det \u00e4r inte bara sm\u00e4llarna som skapar oro, en synlig polisinsats med flera patruller i ett bostadsomr\u00e5de v\u00e4cker ocks\u00e5 m\u00e5nga fr\u00e5gor.<\/p>\n<p>\u2013 Det blir problem p\u00e5 flera s\u00e4tt. Dels skapar sj\u00e4lva sm\u00e4llandet en ol\u00e4genhet f\u00f6r m\u00e5nga, och sedan kommer polisen vilket i sin tur kan skapa fr\u00e5getecken och oro \u00f6ver vad som har intr\u00e4ffat. Det \u00e4r sj\u00e4lvklart att man som allm\u00e4nhet undrar vad det \u00e4r som h\u00e4nder n\u00e4r det kommer polisbilar och uniformerade poliser.<\/p>\n<p>F\u00f6rutom den oro som missbruk av fyrverkerier leder till orsakar detta ocks\u00e5 skador p\u00e5 b\u00e5de m\u00e4nniskor och egendom, inte s\u00e4llan av allvarlig art. Br\u00e4nder orsakade av fyrverkerier som anv\u00e4nts p\u00e5 fel s\u00e4tt f\u00f6rekommer. Det h\u00e4nder ocks\u00e5 att raketer och sm\u00e4llare riktas mot m\u00e4nniskor vilket \u00e4r f\u00f6renat med livsfara.<\/p>\n<p>\u2013 Vi ser varje \u00e5r m\u00e4nniskor och egendom bli skadade av fyrverkerier. B\u00e5de av olyckor, men \u00e4ven n\u00e4r man anv\u00e4nt fyrverkerier p\u00e5 ett livsfarligt s\u00e4tt med avsikt, s\u00e4ger Christian Winkler och avslutar:<br \/>\u2013 Fr\u00e5n polisens sida \u00e4r det \u00f6nskv\u00e4rt att, om man ska anv\u00e4nda fyrverkerier, s\u00e5 ska man anv\u00e4nda dem p\u00e5 ett ansvarsfullt och s\u00e4kert s\u00e4tt.<\/p>\n<p>Polisen vill d\u00e4rf\u00f6r p\u00e5minna om n\u00e5gra viktiga saker relaterade till fyrverkerier inf\u00f6r storhelgerna i faktarutan nedan.<\/p>\n","protected":false},"excerpt":{"rendered":"Varje \u00e5r kring jul och ny\u00e5r \u00f6kar antalet larm om h\u00f6ga sm\u00e4llar dramatiskt. Med tanke p\u00e5 allvarliga h\u00e4ndelser&hellip;\n","protected":false},"author":2,"featured_media":119627,"comment_status":"","ping_status":"","sticky":false,"template":"","format":"standard","meta":{"footnotes":""},"categories":[12],"tags":[22,23,26,27,17,21,24,25,28,29,15,16,18,34,31,33,32,30,19,20],"class_list":{"0":"post-119626","1":"post","2":"type-post","3":"status-publish","4":"format-standard","5":"has-post-thumbnail","7":"category-sverige","8":"tag-breaking-news","9":"tag-breakingnews","10":"tag-featured-news","11":"tag-featurednews","12":"tag-headlines","13":"tag-huvudnyheter","14":"tag-latest-news","15":"tag-latestnews","16":"tag-main-news","17":"tag-mainnews","18":"tag-news","19":"tag-nyheter","20":"tag-rubriker","21":"tag-se","22":"tag-svenska","23":"tag-sverige","24":"tag-sweden","25":"tag-swedish","26":"tag-top-stories","27":"tag-topstories"},"share_on_mastodon":{"url":"https:\/\/pubeurope.com\/@se\/115802592062173714","error":""},"_links":{"self":[{"href":"https:\/\/www.europesays.com\/se\/wp-json\/wp\/v2\/posts\/119626","targetHints":{"allow":["GET"]}}],"collection":[{"href":"https:\/\/www.europesays.com\/se\/wp-json\/wp\/v2\/posts"}],"about":[{"href":"https:\/\/www.europesays.com\/se\/wp-json\/wp\/v2\/types\/post"}],"author":[{"embeddable":true,"href":"https:\/\/www.europesays.com\/se\/wp-json\/wp\/v2\/users\/2"}],"replies":[{"embeddable":true,"href":"https:\/\/www.europesays.com\/se\/wp-json\/wp\/v2\/comments?post=119626"}],"version-history":[{"count":0,"href":"https:\/\/www.europesays.com\/se\/wp-json\/wp\/v2\/posts\/119626\/revisions"}],"wp:featuredmedia":[{"embeddable":true,"href":"https:\/\/www.europesays.com\/se\/wp-json\/wp\/v2\/media\/119627"}],"wp:attachment":[{"href":"https:\/\/www.europesays.com\/se\/wp-json\/wp\/v2\/media?parent=119626"}],"wp:term":[{"taxonomy":"category","embeddable":true,"href":"https:\/\/www.europesays.com\/se\/wp-json\/wp\/v2\/categories?post=119626"},{"taxonomy":"post_tag","embeddable":true,"href":"https:\/\/www.europesays.com\/se\/wp-json\/wp\/v2\/tags?post=119626"}],"curies":[{"name":"wp","href":"https:\/\/api.w.org\/{rel}","templated":true}]}}