{"id":119630,"date":"2025-12-29T11:23:21","date_gmt":"2025-12-29T11:23:21","guid":{"rendered":"https:\/\/www.europesays.com\/se\/119630\/"},"modified":"2025-12-29T11:23:21","modified_gmt":"2025-12-29T11:23:21","slug":"lucas-bergvall-skadad-i-tottenham-crystal-palace","status":"publish","type":"post","link":"https:\/\/www.europesays.com\/se\/119630\/","title":{"rendered":"Lucas Bergvall skadad i Tottenham-Crystal Palace"},"content":{"rendered":"<p><img decoding=\"async\" class=\"image-asset hyperion-css-n6kkq1\" data-test-tag=\"image-asset\" src=\"https:\/\/www.europesays.com\/se\/wp-content\/uploads\/2025\/12\/1451f1a9-65d4-4311-b16d-fd619a2326e7.png\"  alt=\"\"  loading=\"lazy\" fetchpriority=\"auto\" style=\"aspect-ratio:1900 \/ 1900\"\/><img decoding=\"async\" class=\"image-asset hyperion-css-n6kkq1\" data-test-tag=\"image-asset\" src=\"https:\/\/www.europesays.com\/se\/wp-content\/uploads\/2025\/12\/b4d638f4-2bab-4e6e-9f8d-9e7fde8d285a.png\"  alt=\"\"  loading=\"lazy\" fetchpriority=\"auto\" style=\"aspect-ratio:1900 \/ 1900\"\/><\/p>\n<p class=\"boxtextgrotesk-root_baa6 hyperion-css-1w346fg\">Publicerad 2025-12-28 18.53<\/p>\n<p>share-arrowDela<\/p>\n<p>unsaveSpara<\/p>\n<p>Lyssna p\u00e5 artikelnLyssna p\u00e5&#8230;<\/p>\n<p class=\"hyperion-css-1shl3oz\" data-test-tag=\"lead-text\">LONDON. Ny skadesm\u00e4ll f\u00f6r Tottenham \u2013 och Sverige.<\/p>\n<p class=\"hyperion-css-1shl3oz\" data-test-tag=\"lead-text\">Lucas Bergvall tvingades bryta matchen mot Crystal Palace p\u00e5 grund av skada.<\/p>\n<p class=\"hyperion-css-1shl3oz\" data-test-tag=\"lead-text\">\u2013 Jag tror inte att det \u00e4r n\u00e5gon fara, s\u00e4ger Thomas Frank till Sportbladet.<\/p>\n<p class=\"hyperion-css-1v9qo5x\">Bergvall startade <a data-test-tag=\"internal-link\" href=\"https:\/\/www.aftonbladet.se\/tagg\/premier-league\" class=\"hyperion-css-15jkft9\" rel=\"nofollow noopener\" target=\"\" aria-label=\"Premier League\" theme=\"sportbladet\">Premier League<\/a>-matchen mot Crystal Palace under s\u00f6ndagen.<\/p>\n<p class=\"hyperion-css-1v9qo5x\">Efter en timmes spel satte sig svensken i gr\u00e4set, s\u00e5g ut att ta sig f\u00f6r benet och grinade illa. 19-\u00e5ringen fick sedan tillsyn av det medicinska teamet.<\/p>\n<p class=\"hyperion-css-1v9qo5x\">\u2013 Han tar sig mot ljumsken till, s\u00e4ger Viaplays expert Saga Fredriksson.<\/p>\n<p class=\"hyperion-css-1v9qo5x\">Kort d\u00e4refter tvingades han linka av planen f\u00f6r att byta. Jo\u00e3o Palhinha fick ta hans st\u00e4lle p\u00e5 mittf\u00e4ltet.<\/p>\n<p>expand-left<\/p>\n<p>helsk\u00e4rm<img decoding=\"async\" class=\"image-asset hyperion-css-u06ts1\" data-test-tag=\"image-asset\" src=\"https:\/\/www.europesays.com\/se\/wp-content\/uploads\/2025\/12\/b54f29e9-922a-49b2-8468-ed8bcc4ee993.jpeg\"  alt=\"\"  loading=\"eager\" fetchpriority=\"high\" style=\"aspect-ratio:1297 \/ 699\"\/> Foto: Viaplay<\/p>\n<p>expand-left<\/p>\n<p>helsk\u00e4rm<img decoding=\"async\" class=\"image-asset hyperion-css-u06ts1\" data-test-tag=\"image-asset\" src=\"https:\/\/www.europesays.com\/se\/wp-content\/uploads\/2025\/12\/a9bd3742-07bf-4383-976b-f2a6cc73f4f2.jpeg\"  alt=\"\"  loading=\"eager\" fetchpriority=\"high\" style=\"aspect-ratio:1584 \/ 770\"\/> Foto: Viaplay<\/p>\n<p class=\"hyperion-css-1v9qo5x\">F\u00f6r Sverige som laddar inf\u00f6r ett VM-playoff i v\u00e5r blir det \u00e4nnu ett orosmoment att f\u00f6rh\u00e5lla sig till. Sedan tidigare \u00e4r Dejan Kulusevski och Alexander Isak skadade.<\/p>\n<p class=\"hyperion-css-1v9qo5x\">Tottenham vann Londonderbyt med 1\u20130.<\/p>\n<p>19-\u00e5ringen hj\u00e4lte<\/p>\n<p class=\"hyperion-css-1v9qo5x\">Matchens ende m\u00e5lskytt var 19-\u00e5rige Archie Gray.<\/p>\n<p class=\"hyperion-css-1v9qo5x\">Det markerade engelsmannens f\u00f6rsta m\u00e5l i Premier League. Och f\u00f6rsta m\u00e5l p\u00e5 seniorniv\u00e5 n\u00e5gonsin.<\/p>\n<p class=\"hyperion-css-1v9qo5x\">\u2013 Det \u00e4r den b\u00e4sta k\u00e4nslan. Man arbetar hela sitt liv f\u00f6r det \u00f6gonblicket, s\u00e4ger Gray till Sky Sports.<\/p>\n<p class=\"hyperion-css-1v9qo5x\">Fulltr\u00e4ffen kom p\u00e5 h\u00f6rna slagen av Pedro Porro. Richarlison, som fick tv\u00e5 m\u00e5l bortd\u00f6mda under matchen, var f\u00f6rst p\u00e5 bollen med pannan. Gray beh\u00f6vde bara f\u00f6rl\u00e4nga den in i m\u00e5l. <\/p>\n<p class=\"hyperion-css-1v9qo5x\">\u2013 Jag v\u00e4nde mig om men s\u00e5g inte mina lagkamrater fira med mig s\u00e5 jag blev lite f\u00f6rvirrad. \u201dHar jag verkligen gjort m\u00e5l?\u201d, t\u00e4nkte jag, forts\u00e4tter Gray.<\/p>\n<p class=\"hyperion-css-1v9qo5x\">Tottenhams n\u00e4sta match blir f\u00f6rst efter \u00e5rsskiftet. D\u00e5 v\u00e4ntar ett nytt Londonderby n\u00e4r Brentford st\u00e5r f\u00f6r motst\u00e5ndet.<\/p>\n<p>expand-left<\/p>\n<p>helsk\u00e4rm<img decoding=\"async\" class=\"image-asset hyperion-css-u06ts1\" data-test-tag=\"image-asset\" src=\"https:\/\/www.europesays.com\/se\/wp-content\/uploads\/2025\/12\/9866567d-1098-40a3-937c-e65c8da03828.jpeg\"  alt=\"\"  loading=\"eager\" fetchpriority=\"high\" style=\"aspect-ratio:1900 \/ 1268\"\/> Foto: Julian Finney \/ Getty ImagesH\u00e4ndelserInb\u00f6rdes m\u00f6ten5 senasteLaguppst\u00e4llningTabell<\/p>\n","protected":false},"excerpt":{"rendered":"Publicerad 2025-12-28 18.53 share-arrowDela unsaveSpara Lyssna p\u00e5 artikelnLyssna p\u00e5&#8230; LONDON. Ny skadesm\u00e4ll f\u00f6r Tottenham \u2013 och Sverige. Lucas&hellip;\n","protected":false},"author":2,"featured_media":119631,"comment_status":"","ping_status":"","sticky":false,"template":"","format":"standard","meta":{"footnotes":""},"categories":[68],"tags":[34,111,110,31,33,32,30],"class_list":{"0":"post-119630","1":"post","2":"type-post","3":"status-publish","4":"format-standard","5":"has-post-thumbnail","7":"category-sport","8":"tag-se","9":"tag-sport","10":"tag-sports","11":"tag-svenska","12":"tag-sverige","13":"tag-sweden","14":"tag-swedish"},"share_on_mastodon":{"url":"https:\/\/pubeurope.com\/@se\/115802603925669443","error":""},"_links":{"self":[{"href":"https:\/\/www.europesays.com\/se\/wp-json\/wp\/v2\/posts\/119630","targetHints":{"allow":["GET"]}}],"collection":[{"href":"https:\/\/www.europesays.com\/se\/wp-json\/wp\/v2\/posts"}],"about":[{"href":"https:\/\/www.europesays.com\/se\/wp-json\/wp\/v2\/types\/post"}],"author":[{"embeddable":true,"href":"https:\/\/www.europesays.com\/se\/wp-json\/wp\/v2\/users\/2"}],"replies":[{"embeddable":true,"href":"https:\/\/www.europesays.com\/se\/wp-json\/wp\/v2\/comments?post=119630"}],"version-history":[{"count":0,"href":"https:\/\/www.europesays.com\/se\/wp-json\/wp\/v2\/posts\/119630\/revisions"}],"wp:featuredmedia":[{"embeddable":true,"href":"https:\/\/www.europesays.com\/se\/wp-json\/wp\/v2\/media\/119631"}],"wp:attachment":[{"href":"https:\/\/www.europesays.com\/se\/wp-json\/wp\/v2\/media?parent=119630"}],"wp:term":[{"taxonomy":"category","embeddable":true,"href":"https:\/\/www.europesays.com\/se\/wp-json\/wp\/v2\/categories?post=119630"},{"taxonomy":"post_tag","embeddable":true,"href":"https:\/\/www.europesays.com\/se\/wp-json\/wp\/v2\/tags?post=119630"}],"curies":[{"name":"wp","href":"https:\/\/api.w.org\/{rel}","templated":true}]}}