{"id":119634,"date":"2025-12-29T11:26:09","date_gmt":"2025-12-29T11:26:09","guid":{"rendered":"https:\/\/www.europesays.com\/se\/119634\/"},"modified":"2025-12-29T11:26:09","modified_gmt":"2025-12-29T11:26:09","slug":"vacse-koper-fastighet-i-solna-for-rattsvardande-myndighet","status":"publish","type":"post","link":"https:\/\/www.europesays.com\/se\/119634\/","title":{"rendered":"Vacse k\u00f6per fastighet i Solna f\u00f6r r\u00e4ttsv\u00e5rdande myndighet"},"content":{"rendered":"<p class=\"css-176tai e1hyot0s2\">Det framg\u00e5r av ett pressmeddelande.<\/p>\n<p class=\"css-176tai e1hyot0s2\">Den uthyrningsbara ytan \u00e4r cirka 6\u00a0700 kvadratmeter och i till\u00e4gg finns v\u00e4l tilltagna garageytor. Den totala investeringen, inklusive projektkostnader, bed\u00f6ms uppg\u00e5 till cirka 650 miljoner kronor.<\/p>\n<p class=\"css-176tai e1hyot0s2\">\u2013 Denna fastighet \u00e4r \u00e4nnu ett bra bidrag till v\u00e5rt befintliga best\u00e5nd av fastigheter med hyresg\u00e4ster i den svenska r\u00e4ttskedjan. Fastigheten \u00e4r mycket v\u00e4l bel\u00e4gen f\u00f6r den verksamhet som kommer bedrivas i bygganden, s\u00e4ger Fredrik Linderborg vd p\u00e5 Vacse.<\/p>\n<p class=\"css-176tai e1hyot0s2\">Vacse ber\u00e4knar tilltr\u00e4da fastigheten under det f\u00f6rsta kvartalet2026.<\/p>\n","protected":false},"excerpt":{"rendered":"Det framg\u00e5r av ett pressmeddelande. Den uthyrningsbara ytan \u00e4r cirka 6\u00a0700 kvadratmeter och i till\u00e4gg finns v\u00e4l tilltagna&hellip;\n","protected":false},"author":2,"featured_media":119635,"comment_status":"","ping_status":"","sticky":false,"template":"","format":"standard","meta":{"footnotes":""},"categories":[65],"tags":[72,70,71,34,31,33,32,30],"class_list":{"0":"post-119634","1":"post","2":"type-post","3":"status-publish","4":"format-standard","5":"has-post-thumbnail","7":"category-ekonomi","8":"tag-business","9":"tag-economy","10":"tag-ekonomi","11":"tag-se","12":"tag-svenska","13":"tag-sverige","14":"tag-sweden","15":"tag-swedish"},"share_on_mastodon":{"url":"https:\/\/pubeurope.com\/@se\/115802615566863739","error":""},"_links":{"self":[{"href":"https:\/\/www.europesays.com\/se\/wp-json\/wp\/v2\/posts\/119634","targetHints":{"allow":["GET"]}}],"collection":[{"href":"https:\/\/www.europesays.com\/se\/wp-json\/wp\/v2\/posts"}],"about":[{"href":"https:\/\/www.europesays.com\/se\/wp-json\/wp\/v2\/types\/post"}],"author":[{"embeddable":true,"href":"https:\/\/www.europesays.com\/se\/wp-json\/wp\/v2\/users\/2"}],"replies":[{"embeddable":true,"href":"https:\/\/www.europesays.com\/se\/wp-json\/wp\/v2\/comments?post=119634"}],"version-history":[{"count":0,"href":"https:\/\/www.europesays.com\/se\/wp-json\/wp\/v2\/posts\/119634\/revisions"}],"wp:featuredmedia":[{"embeddable":true,"href":"https:\/\/www.europesays.com\/se\/wp-json\/wp\/v2\/media\/119635"}],"wp:attachment":[{"href":"https:\/\/www.europesays.com\/se\/wp-json\/wp\/v2\/media?parent=119634"}],"wp:term":[{"taxonomy":"category","embeddable":true,"href":"https:\/\/www.europesays.com\/se\/wp-json\/wp\/v2\/categories?post=119634"},{"taxonomy":"post_tag","embeddable":true,"href":"https:\/\/www.europesays.com\/se\/wp-json\/wp\/v2\/tags?post=119634"}],"curies":[{"name":"wp","href":"https:\/\/api.w.org\/{rel}","templated":true}]}}