{"id":119638,"date":"2025-12-29T11:28:20","date_gmt":"2025-12-29T11:28:20","guid":{"rendered":"https:\/\/www.europesays.com\/se\/119638\/"},"modified":"2025-12-29T11:28:20","modified_gmt":"2025-12-29T11:28:20","slug":"sa-mycket-starkare-ar-forsvaret-nu","status":"publish","type":"post","link":"https:\/\/www.europesays.com\/se\/119638\/","title":{"rendered":"S\u00e5 mycket starkare \u00e4r f\u00f6rsvaret nu"},"content":{"rendered":"<p>expand-left<\/p>\n<p>helsk\u00e4rm<img decoding=\"async\" class=\"image-asset hyperion-css-u06ts1\" data-test-tag=\"image-asset\" src=\"https:\/\/www.europesays.com\/se\/wp-content\/uploads\/2025\/12\/fb90638c-f51f-475b-bb84-be681874155d.jpeg\"  alt=\"\"  loading=\"eager\" fetchpriority=\"high\" style=\"aspect-ratio:1200 \/ 628\"\/><\/p>\n<p class=\"hyperion-css-1shl3oz\" data-test-tag=\"lead-text\">Trots tokrustning och krig i Europa ser Sveriges f\u00f6rsvar p\u00e5 pappret n\u00e4stan exakt likadant ut som f\u00f6r fyra \u00e5r sedan. \u00c4nd\u00e5 \u00e4r dess f\u00f6rm\u00e5ga att f\u00f6rsvara oss \u201dtvekl\u00f6st b\u00e4ttre\u201d, s\u00e4ger \u00d6B Michael Claesson. Fyra faktorer kan f\u00f6rklara den synbara mots\u00e4ttningen.<\/p>\n<p class=\"hyperion-css-1v9qo5x\">\u00a0<br \/>check <strong>GRAFIK:<\/strong> S\u00e5 mycket starkare \u00e4r f\u00f6rsvaret nu<br \/>check Stridsflyg, ub\u00e5tar, stridsvagnar, korvetter, luftv\u00e4rn, artilleri<br \/>check Experten: \u201dDet l\u00e4ggs enorma m\u00e4ngder best\u00e4llningar just nu\u201d<\/p>\n","protected":false},"excerpt":{"rendered":"expand-left helsk\u00e4rm Trots tokrustning och krig i Europa ser Sveriges f\u00f6rsvar p\u00e5 pappret n\u00e4stan exakt likadant ut som&hellip;\n","protected":false},"author":2,"featured_media":119639,"comment_status":"","ping_status":"","sticky":false,"template":"","format":"standard","meta":{"footnotes":""},"categories":[12],"tags":[22,23,26,27,17,21,24,25,28,29,15,16,18,34,31,33,32,30,19,20],"class_list":{"0":"post-119638","1":"post","2":"type-post","3":"status-publish","4":"format-standard","5":"has-post-thumbnail","7":"category-sverige","8":"tag-breaking-news","9":"tag-breakingnews","10":"tag-featured-news","11":"tag-featurednews","12":"tag-headlines","13":"tag-huvudnyheter","14":"tag-latest-news","15":"tag-latestnews","16":"tag-main-news","17":"tag-mainnews","18":"tag-news","19":"tag-nyheter","20":"tag-rubriker","21":"tag-se","22":"tag-svenska","23":"tag-sverige","24":"tag-sweden","25":"tag-swedish","26":"tag-top-stories","27":"tag-topstories"},"share_on_mastodon":{"url":"https:\/\/pubeurope.com\/@se\/115802623385732392","error":""},"_links":{"self":[{"href":"https:\/\/www.europesays.com\/se\/wp-json\/wp\/v2\/posts\/119638","targetHints":{"allow":["GET"]}}],"collection":[{"href":"https:\/\/www.europesays.com\/se\/wp-json\/wp\/v2\/posts"}],"about":[{"href":"https:\/\/www.europesays.com\/se\/wp-json\/wp\/v2\/types\/post"}],"author":[{"embeddable":true,"href":"https:\/\/www.europesays.com\/se\/wp-json\/wp\/v2\/users\/2"}],"replies":[{"embeddable":true,"href":"https:\/\/www.europesays.com\/se\/wp-json\/wp\/v2\/comments?post=119638"}],"version-history":[{"count":0,"href":"https:\/\/www.europesays.com\/se\/wp-json\/wp\/v2\/posts\/119638\/revisions"}],"wp:featuredmedia":[{"embeddable":true,"href":"https:\/\/www.europesays.com\/se\/wp-json\/wp\/v2\/media\/119639"}],"wp:attachment":[{"href":"https:\/\/www.europesays.com\/se\/wp-json\/wp\/v2\/media?parent=119638"}],"wp:term":[{"taxonomy":"category","embeddable":true,"href":"https:\/\/www.europesays.com\/se\/wp-json\/wp\/v2\/categories?post=119638"},{"taxonomy":"post_tag","embeddable":true,"href":"https:\/\/www.europesays.com\/se\/wp-json\/wp\/v2\/tags?post=119638"}],"curies":[{"name":"wp","href":"https:\/\/api.w.org\/{rel}","templated":true}]}}