{"id":119644,"date":"2025-12-29T11:32:47","date_gmt":"2025-12-29T11:32:47","guid":{"rendered":"https:\/\/www.europesays.com\/se\/119644\/"},"modified":"2025-12-29T11:32:47","modified_gmt":"2025-12-29T11:32:47","slug":"filmer-och-serier-pa-disney-i-januari-2026-ny-sasong-av-serie-med-toppbetyg","status":"publish","type":"post","link":"https:\/\/www.europesays.com\/se\/119644\/","title":{"rendered":"Filmer och serier p\u00e5 Disney+ i januari 2026 \u2013 ny s\u00e4song av serie med toppbetyg"},"content":{"rendered":"<p>A Thousand Blows s\u00e4song tv\u00e5 och den nya\u00a0<strong>Marvel<\/strong>-serien\u00a0Wonder Man \u00e4r bara n\u00e5gra av de sp\u00e4nnande premi\u00e4rerna som v\u00e4ntar p\u00e5\u00a0<a href=\"https:\/\/www.filmtopp.se\/streaming\/disney\/\" target=\"_blank\" rel=\"noopener nofollow\"><strong>Disney+\u00a0<\/strong><\/a>i januari 2026. Nedan listar vi fyra utvalda h\u00f6jdpunkter med premi\u00e4r p\u00e5 streamingtj\u00e4nsten under \u00e5rets f\u00f6rsta m\u00e5nad, f\u00f6ljt av ytterligare n\u00e5gra nya filmer och serier som sl\u00e4pps.\u00a0<\/p>\n<p>Fyra h\u00f6jdpunkter med premi\u00e4r p\u00e5 Disney+ i januari 2026<br \/>\n<img loading=\"lazy\" decoding=\"async\" src=\"https:\/\/www.europesays.com\/se\/wp-content\/uploads\/2025\/12\/A_Thousand_Blows_s2_01.jpg\" alt=\"A Thousand Blows (s\u00e4song 2)\" width=\"1250\" height=\"800\"\/>&#13;<br \/>\nStephen Graham i \u201dA Thousand Blows\u201d s\u00e4song 2. Foto: Disney+&#13;<\/p>\n<p>A Thousand Blows (s\u00e4song 2) \u2013 premi\u00e4r 9 januari<\/p>\n<p>Inte ens ett \u00e5r har passerat sedan den f\u00f6rsta s\u00e4songen av succ\u00e9serien\u00a0A Thousand Blows sl\u00e4pptes i Sverige, men nu \u00e4r det redan dags f\u00f6r nya avsnitt av det f\u00e4ngslande boxningsdramat av\u00a0Peaky Blinders-skaparen\u00a0<strong>Steven Knight<\/strong>. Denna verklighetsinspirerade serie, vars f\u00f6rsta s\u00e4song\u00a0<strong>Filmtopp<\/strong> gav\u00a0<strong>5 av 5\u00a0<\/strong>i betyg, tar oss till 1880-talets London och in i f\u00f6rbrytarv\u00e4rldens boxningskretsar.<\/p>\n<p>Alla avsnitt sl\u00e4pps p\u00e5 premi\u00e4rdagen.<\/p>\n<p><img loading=\"lazy\" decoding=\"async\" src=\"https:\/\/www.europesays.com\/se\/wp-content\/uploads\/2025\/12\/Tell_Me_Lies_s3_01.jpg\" alt=\"Tell Me Lies (s\u00e4song 3)\" width=\"1250\" height=\"800\"\/>&#13;<br \/>\nFoto: Disney+&#13;<\/p>\n<p>Tell Me Lies (s\u00e4song 3) \u2013 premi\u00e4r 13 januari<\/p>\n<p>En annan favorit som \u00e4r tillbaka i januari \u00e4r\u00a0Tell Me Lies som nu kliver in i sin tredje s\u00e4song. Det stormigt romantiska dramat om Lucy (<strong>Grace Van Patten<\/strong>) och Stephen (<strong>Jackson White<\/strong>) forts\u00e4tter nu i samband med att karakt\u00e4rerna ska p\u00e5b\u00f6rja v\u00e5rterminen p\u00e5 Baird College. De \u00e4r fast beslutna om att det ska bli annorlunda denna g\u00e5ngen, men det dr\u00f6jer inte l\u00e4nge innan gamla snedsteg s\u00e4tter k\u00e4ppar i hjulen f\u00f6r den planen.<\/p>\n<p>Tv\u00e5 avsnitt sl\u00e4pps p\u00e5 premi\u00e4rdagen.<\/p>\n<p><img loading=\"lazy\" decoding=\"async\" src=\"https:\/\/www.europesays.com\/se\/wp-content\/uploads\/2025\/12\/The_Beauty_s1_01.jpg\" alt=\"The Beauty (s\u00e4song 1) p\u00e5 Disney+.\" width=\"1250\" height=\"800\"\/>&#13;<br \/>\nFoto: Disney+&#13;<\/p>\n<p>The Beauty (s\u00e4song 1) \u2013 premi\u00e4r 22 januari<\/p>\n<p><strong>FX<\/strong>-serien\u00a0The Beauty\u00a0\u00e4r n\u00e4sta skapelse av\u00a0<strong>Ryan Murphy\u00a0<\/strong>(American Horror Story, Monster, Glee, All&#8217;s Fair). Det h\u00e4r dramat v\u00e4lkomnar oss in i modev\u00e4rlden d\u00e4r internationella supermodeller b\u00f6rjar d\u00f6 under mystiska och brutala omst\u00e4ndigheter. Tv\u00e5 FBI-agenter b\u00f6rjar utreda h\u00e4ndelserna och lyfter snart p\u00e5 stenar som avsl\u00f6jar m\u00f6rka hemligheter. Medverkar i serien g\u00f6r\u00a0<strong>Evan Peters<\/strong>,\u00a0<strong>Rebecca Hall<\/strong> och\u00a0<strong>Ashton Kutcher<\/strong> m.fl.<\/p>\n<p>Tre avsnitt sl\u00e4pps p\u00e5 premi\u00e4rdagen.<\/p>\n<p><img loading=\"lazy\" decoding=\"async\" src=\"https:\/\/www.europesays.com\/se\/wp-content\/uploads\/2025\/12\/Wonder_Man_s1_01.jpg\" alt=\"Wonder Man (s\u00e4song 1)\" width=\"1250\" height=\"800\"\/>&#13;<br \/>\nFoto: Disney+&#13;<\/p>\n<p>Wonder Man (s\u00e4song 1) \u2013 premi\u00e4r 28 januari<\/p>\n<p>Den nya Marvel-serien\u00a0Wonder Man f\u00f6ljer tv\u00e5 sk\u00e5despelare i Hollywood, en yngre talang och en rutinerad veteran, som f\u00e5r reda p\u00e5 att en legendarisk regiss\u00f6r ska g\u00f6ra en nyinspelning av en klassisk superhj\u00e4ltefilm. Duon g\u00f6r allt de kan f\u00f6r att landa potentiellt livsomv\u00e4lvande roller i den nya storfilmen.\u00a0<\/p>\n<p>Alla avsnitt sl\u00e4pps p\u00e5 premi\u00e4rdagen.<\/p>\n<p>Fler nya filmer och serier p\u00e5 Disney+ i januari:<\/p>\n<ul>&#13;<\/p>\n<li><strong>New Amsterdam (s\u00e4song 1\u20135)<\/strong> \u2013 1 januari<\/li>\n<p>&#13;<\/p>\n<li><strong>The Walking Dead (s\u00e4song 1\u201311)<\/strong> \u2013 1 januari<\/li>\n<p>&#13;<\/p>\n<li><strong>Jason Bourne-filmerna\u00a0<\/strong>\u2013 1 januari<\/li>\n<p>&#13;<\/p>\n<li><strong>Cheetahs Up Close with Bertie Gregory<\/strong> \u2013 2 januari<\/li>\n<p>&#13;<\/p>\n<li><strong>High Ptential (s\u00e4song 2, del 2)<\/strong> \u2013 7 januari<\/li>\n<p>&#13;<\/p>\n<li><strong>Abbott Elementary (s\u00e4song 5)<\/strong> \u2013 7 januari<\/li>\n<p>&#13;<\/p>\n<li><strong>The Tale of Silyan\u00a0<\/strong>\u2013 9 januari<\/li>\n<p>&#13;<\/p>\n<li><strong>Pole to Pole with Will Smith<\/strong> \u2013 14 januari<\/li>\n<p>&#13;<\/p>\n<li><strong>Grey&#8217;s Anatomy (s\u00e4song 22, del 2)\u00a0<\/strong>\u2013 16 januari<\/li>\n<p>&#13;<\/p>\n<li><strong>Disaster Autopsy<\/strong> \u2013 28 januari<\/li>\n<p>&#13;<\/p>\n<li><strong>Disneyland Handcrafted\u00a0<\/strong>\u2013 n\u00e5gon g\u00e5ng i januari<\/li>\n<p>&#13;\n<\/ul>\n<p><strong><a href=\"https:\/\/www.filmtopp.se\/\" target=\"_blank\" rel=\"noopener nofollow\">Filmtopp<\/a> h\u00e5ller dig uppdaterad om senaste nytt att <a href=\"https:\/\/www.filmtopp.se\/lista\/disneyplus.com\/en-dk\" target=\"_blank\" rel=\"noopener nofollow\">streama p\u00e5 Disney+<\/a>. F\u00f6r att inte missa n\u00e5gon stor h\u00e4ndelse \u2013 <a href=\"https:\/\/www.facebook.com\/filmtopp\" target=\"_blank\" rel=\"noopener nofollow\">f\u00f6lj oss p\u00e5 Facebook<\/a>.<\/strong><\/p>\n","protected":false},"excerpt":{"rendered":"A Thousand Blows s\u00e4song tv\u00e5 och den nya\u00a0Marvel-serien\u00a0Wonder Man \u00e4r bara n\u00e5gra av de sp\u00e4nnande premi\u00e4rerna som v\u00e4ntar&hellip;\n","protected":false},"author":2,"featured_media":119645,"comment_status":"","ping_status":"","sticky":false,"template":"","format":"standard","meta":{"footnotes":""},"categories":[67],"tags":[104,34,31,33,32,30,105],"class_list":{"0":"post-119644","1":"post","2":"type-post","3":"status-publish","4":"format-standard","5":"has-post-thumbnail","7":"category-underhallning","8":"tag-entertainment","9":"tag-se","10":"tag-svenska","11":"tag-sverige","12":"tag-sweden","13":"tag-swedish","14":"tag-underhallning"},"share_on_mastodon":{"url":"https:\/\/pubeurope.com\/@se\/115802643076528279","error":""},"_links":{"self":[{"href":"https:\/\/www.europesays.com\/se\/wp-json\/wp\/v2\/posts\/119644","targetHints":{"allow":["GET"]}}],"collection":[{"href":"https:\/\/www.europesays.com\/se\/wp-json\/wp\/v2\/posts"}],"about":[{"href":"https:\/\/www.europesays.com\/se\/wp-json\/wp\/v2\/types\/post"}],"author":[{"embeddable":true,"href":"https:\/\/www.europesays.com\/se\/wp-json\/wp\/v2\/users\/2"}],"replies":[{"embeddable":true,"href":"https:\/\/www.europesays.com\/se\/wp-json\/wp\/v2\/comments?post=119644"}],"version-history":[{"count":0,"href":"https:\/\/www.europesays.com\/se\/wp-json\/wp\/v2\/posts\/119644\/revisions"}],"wp:featuredmedia":[{"embeddable":true,"href":"https:\/\/www.europesays.com\/se\/wp-json\/wp\/v2\/media\/119645"}],"wp:attachment":[{"href":"https:\/\/www.europesays.com\/se\/wp-json\/wp\/v2\/media?parent=119644"}],"wp:term":[{"taxonomy":"category","embeddable":true,"href":"https:\/\/www.europesays.com\/se\/wp-json\/wp\/v2\/categories?post=119644"},{"taxonomy":"post_tag","embeddable":true,"href":"https:\/\/www.europesays.com\/se\/wp-json\/wp\/v2\/tags?post=119644"}],"curies":[{"name":"wp","href":"https:\/\/api.w.org\/{rel}","templated":true}]}}