{"id":119646,"date":"2025-12-29T11:34:20","date_gmt":"2025-12-29T11:34:20","guid":{"rendered":"https:\/\/www.europesays.com\/se\/119646\/"},"modified":"2025-12-29T11:34:20","modified_gmt":"2025-12-29T11:34:20","slug":"krympande-rantespreadar-for-sydeuropeiska-jattar","status":"publish","type":"post","link":"https:\/\/www.europesays.com\/se\/119646\/","title":{"rendered":"Krympande r\u00e4ntespreadar f\u00f6r sydeuropeiska j\u00e4ttar"},"content":{"rendered":"<p>Europab\u00f6rserna \u00e4r blandade. Priset p\u00e5 silver, men \u00e4ven guld, har sjunkit tillbaka efter tidigare rekordniv\u00e5er. Bitcoin steg tillf\u00e4lligt \u00f6ver 90.000 dollar.\u00a0<\/p>\n<p><strong>\u00c4delmetaller har under<\/strong> de senaste m\u00e5naderna seglat upp som heta objekt p\u00e5 finansmarknaderna, underst\u00f6dda av \u00f6kade k\u00f6p fr\u00e5n centralbanker, infl\u00f6den till b\u00f6rshandlade fonder och tre r\u00e4ntes\u00e4nkningar fr\u00e5n Federal Reserve.\u00a0<\/p>\n<p>\u201dVi bevittnar en generationsbubbla som h\u00e5ller p\u00e5 att ta form i silver. Oavbruten industriell efterfr\u00e5gan fr\u00e5n solpaneler, elfordon, AI-datacenter och elektronik, i kombination med krympande lager, har pressat de fysiska premierna till extrema niv\u00e5er\u201d, skrev Tony Sycamore p\u00e5 IG Australia i en kommentar enligt Bloomberg News.<\/p>\n<p>Oljan handlas lite h\u00f6gre p\u00e5 m\u00e5ndagen, med Brent i f\u00f6rsta termin upp \u00f6ver 61 dollar per fat. \u00a0<\/p>\n<p>USA:s president Donald Trump sade efter s\u00f6ndagens m\u00f6te med Ukrainas president Volodymyr Zelenskyj att de gjort \u201dmycket framsteg\u201d, men att det kan ta n\u00e5gra veckor att f\u00e5 det klart och att det inte finns n\u00e5gon fast tidslinje.\u00a0<\/p>\n<p>Italienska r\u00e4ntor sjunker 2\u20133 punkter p\u00e5 m\u00e5ndagen.\u00a0<\/p>\n<p><strong>Bed\u00f6mare noterar f\u00f6r<\/strong> Financial Times att Italiens och Spaniens statliga uppl\u00e5ningskostnader har fallit till den l\u00e4gsta niv\u00e5n relativt Tyskland p\u00e5 16 \u00e5r. Den tysk\/italienska tio\u00e5riga spreaden \u00e4r nu under 70 punkter.\u00a0<\/p>\n<p>Investerare bel\u00f6nar Rom och Madrid f\u00f6r \u00e5tstramningar och blir samtidigt alltmer oroade \u00f6ver den snabbt v\u00e4xande skulds\u00e4ttningen p\u00e5 andra h\u00e5ll i euroomr\u00e5det.<\/p>\n<p>Stark ekonomisk tillv\u00e4xt i Spanien har bidragit till att minska landets tio\u00e5riga r\u00e4nteskillnad mot Tyskland till under 50 punkter. Det \u00e4r ocks\u00e5 den l\u00e4gsta niv\u00e5n sedan tiden f\u00f6re eurokrisen, d\u00e5 h\u00f6ga skuldniv\u00e5er drev upp b\u00e5da l\u00e4ndernas uppl\u00e5ningskostnader och v\u00e4ckte oro f\u00f6r att valutaunionen skulle falla is\u00e4r.<\/p>\n<p>\u201dVi ser en sammansm\u00e4ltning mellan periferin och l\u00e4nder som tidigare betraktats som s\u00e4krare investeringar, som Frankrike, Belgien och \u00d6sterrike. Marknader har l\u00e5ngt minne, men med r\u00e4tt incitament \u00e4r de ocks\u00e5 villiga att v\u00e4nda blad\u201d, sade Ales Koutny p\u00e5 Vanguard.<\/p>\n<p><strong>Fondf\u00f6rvaltare har blivit<\/strong> mer positiva till italiensk och spansk statsskuld i takt med ett bredare uppsving i Sydeuropas ekonomiska utsikter, och ser det inte l\u00e4ngre som rimligt att kategorisera dessa l\u00e5ntagare som euroomr\u00e5dets mer riskfyllda \u201dperiferi\u201d.<\/p>\n<p>Samtidigt har ett gapande budgetunderskott och politisk turbulens i Frankrike pressat upp landets uppl\u00e5ningskostnader \u00f6ver Spaniens. Till och med Tyskland, euroomr\u00e5dets faktiska s\u00e4kra hamn, har omv\u00e4rderats av marknaderna efter att ha lanserat ett investeringspaket p\u00e5 1.000 miljarder euro.<\/p>\n<p>Ales Koutny tror att r\u00e4nteskillnaderna kommer krympa ytterligare n\u00e4sta \u00e5r, till 50-60 punkter f\u00f6r Italien och 30-40 punkter f\u00f6r Spanien, j\u00e4mf\u00f6rt med Tyskland.<\/p>\n<p><strong>USA-r\u00e4ntorna har successivt <\/strong>sjunkit tillbaka efter att ha stigit i samband med BNP-\u00f6verraskningen p\u00e5 uppsidan f\u00f6r tredje kvartalet den 23 december.\u00a0<\/p>\n<p>Den tv\u00e5\u00e5riga statsobligationen har sjunkit till 3,49 procent p\u00e5 m\u00e5ndagen, vilket netto \u00e4r 1 punkt ned fr\u00e5n f\u00f6re BNP-utfallet.\u00a0<\/p>\n<p>P\u00e5 tisdagen publiceras Fed-protokollet fr\u00e5n det senaste r\u00e4ntem\u00f6tet.\u00a0<\/p>\n<p>Snabbprotokollet fr\u00e5n Bank of Japans senaste m\u00f6te, d\u00e5 de h\u00f6jde r\u00e4ntan med 25 punkter till 0,75 procent, visade att ledam\u00f6terna diskuterade ytterligare r\u00e4nteh\u00f6jningar.\u00a0<\/p>\n<p>Flera ledam\u00f6ter argumenterade f\u00f6r att policyn fortfarande \u00e4r l\u00e5ngt ifr\u00e5n neutral i reala termer och vill se gradvisa h\u00f6jningar f\u00f6r att h\u00e5lla inflationen i schack.\u00a0<\/p>\n<p><strong>Andra varnade f\u00f6r att <\/strong>alltf\u00f6r l\u00e5ga r\u00e4ntor har bidragit till att f\u00f6rsvaga yenen och pressat upp l\u00e5nga r\u00e4ntor, medan v\u00e4l anpassade r\u00e4nteh\u00f6jningar skulle kunna bidra till att f\u00f6rankra inflationsf\u00f6rv\u00e4ntningarna.\u00a0<\/p>\n<p>Yenen har st\u00e4rkts lite till 156:20 mot dollarn p\u00e5 m\u00e5ndagen.<\/p>\n<p>Den svenska kronan tappar lite under m\u00e5ndagen, men \u00e4r n\u00e5got starkare j\u00e4mf\u00f6rt med f\u00f6re jul.\u00a0<\/p>\n<p>P\u00e5 tisdagen publiceras protokollet fr\u00e5n Riksbankens senaste m\u00f6te, d\u00e5 r\u00e4ntan som v\u00e4ntat l\u00e4mnades of\u00f6r\u00e4ndrad p\u00e5 1,75 procent.\u00a0<\/p>\n","protected":false},"excerpt":{"rendered":"Europab\u00f6rserna \u00e4r blandade. Priset p\u00e5 silver, men \u00e4ven guld, har sjunkit tillbaka efter tidigare rekordniv\u00e5er. Bitcoin steg tillf\u00e4lligt&hellip;\n","protected":false},"author":2,"featured_media":11926,"comment_status":"","ping_status":"","sticky":false,"template":"","format":"standard","meta":{"footnotes":""},"categories":[65],"tags":[72,70,71,34,31,33,32,30],"class_list":{"0":"post-119646","1":"post","2":"type-post","3":"status-publish","4":"format-standard","5":"has-post-thumbnail","7":"category-ekonomi","8":"tag-business","9":"tag-economy","10":"tag-ekonomi","11":"tag-se","12":"tag-svenska","13":"tag-sverige","14":"tag-sweden","15":"tag-swedish"},"share_on_mastodon":{"url":"https:\/\/pubeurope.com\/@se\/115802646905310538","error":""},"_links":{"self":[{"href":"https:\/\/www.europesays.com\/se\/wp-json\/wp\/v2\/posts\/119646","targetHints":{"allow":["GET"]}}],"collection":[{"href":"https:\/\/www.europesays.com\/se\/wp-json\/wp\/v2\/posts"}],"about":[{"href":"https:\/\/www.europesays.com\/se\/wp-json\/wp\/v2\/types\/post"}],"author":[{"embeddable":true,"href":"https:\/\/www.europesays.com\/se\/wp-json\/wp\/v2\/users\/2"}],"replies":[{"embeddable":true,"href":"https:\/\/www.europesays.com\/se\/wp-json\/wp\/v2\/comments?post=119646"}],"version-history":[{"count":0,"href":"https:\/\/www.europesays.com\/se\/wp-json\/wp\/v2\/posts\/119646\/revisions"}],"wp:featuredmedia":[{"embeddable":true,"href":"https:\/\/www.europesays.com\/se\/wp-json\/wp\/v2\/media\/11926"}],"wp:attachment":[{"href":"https:\/\/www.europesays.com\/se\/wp-json\/wp\/v2\/media?parent=119646"}],"wp:term":[{"taxonomy":"category","embeddable":true,"href":"https:\/\/www.europesays.com\/se\/wp-json\/wp\/v2\/categories?post=119646"},{"taxonomy":"post_tag","embeddable":true,"href":"https:\/\/www.europesays.com\/se\/wp-json\/wp\/v2\/tags?post=119646"}],"curies":[{"name":"wp","href":"https:\/\/api.w.org\/{rel}","templated":true}]}}