{"id":119651,"date":"2025-12-29T11:38:10","date_gmt":"2025-12-29T11:38:10","guid":{"rendered":"https:\/\/www.europesays.com\/se\/119651\/"},"modified":"2025-12-29T11:38:10","modified_gmt":"2025-12-29T11:38:10","slug":"har-letar-polisen-i-misstanktes-sopor","status":"publish","type":"post","link":"https:\/\/www.europesays.com\/se\/119651\/","title":{"rendered":"H\u00e4r letar polisen i misst\u00e4nktes sopor"},"content":{"rendered":"<p class=\"boxtextgrotesk-root_baa6 hyperion-css-7pajle\">Uppdaterad 12.01 | Publicerad 11.21<\/p>\n<p>share-arrowDela<\/p>\n<p>unsaveSpara<\/p>\n<p>expand-left<\/p>\n<p>helsk\u00e4rm<img decoding=\"async\" class=\"image-asset hyperion-css-u06ts1\" data-test-tag=\"image-asset\" src=\"https:\/\/www.europesays.com\/se\/wp-content\/uploads\/2025\/12\/8d8d96ea-76b9-4822-8c3e-1836496d182e.jpeg\"  alt=\"\"  loading=\"eager\" fetchpriority=\"high\" style=\"aspect-ratio:1900 \/ 1425\"\/> Foto: Carolina Byrmo<\/p>\n<p class=\"hyperion-css-1shl3oz\" data-test-tag=\"lead-text\">Polisen \u00e4r just nu p\u00e5 plats i den misst\u00e4nkte m\u00f6rdarens bostad.<\/p>\n<p class=\"hyperion-css-1shl3oz\" data-test-tag=\"lead-text\">Man v\u00e4nder p\u00e5 varenda liten sten i utredningen.<\/p>\n<p class=\"hyperion-css-1shl3oz\" data-test-tag=\"lead-text\">Alldeles nyss gick man igenom 26-\u00e5ringens sopor.<\/p>\n<p class=\"hyperion-css-1v9qo5x\">Utredningen r\u00f6rande mordet p\u00e5 kvinnan i <a data-test-tag=\"internal-link\" href=\"https:\/\/www.aftonbladet.se\/tagg\/ronninge\" class=\"hyperion-css-15jkft9\" rel=\"nofollow noopener\" target=\"\" aria-label=\"R\u00f6nninge\">R\u00f6nninge<\/a> forts\u00e4tter med of\u00f6rminskad styrka.<\/p>\n<p class=\"hyperion-css-1v9qo5x\">En omfattande husrannsakan genomf\u00f6rs just nu hemma hos den misst\u00e4nkte 26-\u00e5ringen i Stockholmsomr\u00e5det.<\/p>\n<p class=\"hyperion-css-1v9qo5x\">Polisens tekniker, i vita overaller och munskydd, letar bland annat i den misst\u00e4nktes sopor, vilket Aftonbladets fotograf kunde f\u00e5nga p\u00e5 bild alldeles nyss.<\/p>\n<p>expand-left<\/p>\n<p>helsk\u00e4rm<img decoding=\"async\" class=\"image-asset hyperion-css-u06ts1\" data-test-tag=\"image-asset\" src=\"https:\/\/www.europesays.com\/se\/wp-content\/uploads\/2025\/12\/ac470ccc-4be1-4d57-91cd-8c6620b210a3.jpeg\"  alt=\"\"  loading=\"eager\" fetchpriority=\"high\" style=\"aspect-ratio:1900 \/ 1267\"\/> Foto: Carolina Byrmo<\/p>\n<p>expand-left<\/p>\n<p>helsk\u00e4rm<img decoding=\"async\" class=\"image-asset hyperion-css-u06ts1\" data-test-tag=\"image-asset\" src=\"https:\/\/www.europesays.com\/se\/wp-content\/uploads\/2025\/12\/a7788041-6efb-4531-8a21-ee21a721d2d1.jpeg\"  alt=\"\"  loading=\"eager\" fetchpriority=\"high\" style=\"aspect-ratio:1900 \/ 991\"\/> Foto: Carolina Byrmo<\/p>\n<p>expand-left<\/p>\n<p>helsk\u00e4rm<img decoding=\"async\" class=\"image-asset hyperion-css-u06ts1\" data-test-tag=\"image-asset\" src=\"https:\/\/www.europesays.com\/se\/wp-content\/uploads\/2025\/12\/73e5ef5d-4d99-42b8-b0fa-62b7d4099db7.jpeg\"  alt=\"\"  loading=\"eager\" fetchpriority=\"high\" style=\"aspect-ratio:1900 \/ 1267\"\/> Foto: Carolina ByrmoS\u00f6kinsatser p\u00e5 uteplats<\/p>\n<p class=\"hyperion-css-1v9qo5x\">Ett omr\u00e5de runt bostaden p\u00e5 adressen \u00e4r avsp\u00e4rrat. Avsp\u00e4rrningen bevakas av uniformerade poliser p\u00e5 plats.<\/p>\n<p class=\"hyperion-css-1v9qo5x\">Kriminalteknikerna h\u00e4llde ut allt inneh\u00e5ll i den misst\u00e4nkte m\u00f6rdarens sopk\u00e4rl. <\/p>\n<p class=\"hyperion-css-1v9qo5x\">Man skrev sedan p\u00e5 n\u00e5gra sops\u00e4ckar som man tog i beslag. <\/p>\n<p class=\"hyperion-css-1v9qo5x\">Bakom fastigheten, p\u00e5 en uteplats, genomf\u00f6r man just nu ocks\u00e5 omfattade s\u00f6kinsatser.<\/p>\n<p class=\"hyperion-css-1v9qo5x\">Lite senare d\u00f6k en l\u00e5ssmed upp p\u00e5 adressen ocks\u00e5. Av allt att d\u00f6ma bytte han ut l\u00e5set till fastigheten.<\/p>\n","protected":false},"excerpt":{"rendered":"Uppdaterad 12.01 | Publicerad 11.21 share-arrowDela unsaveSpara expand-left helsk\u00e4rm Foto: Carolina Byrmo Polisen \u00e4r just nu p\u00e5 plats&hellip;\n","protected":false},"author":2,"featured_media":119652,"comment_status":"","ping_status":"","sticky":false,"template":"","format":"standard","meta":{"footnotes":""},"categories":[5],"tags":[22,23,26,27,17,21,24,25,28,29,15,16,18,34,31,33,32,30,19,20],"class_list":{"0":"post-119651","1":"post","2":"type-post","3":"status-publish","4":"format-standard","5":"has-post-thumbnail","7":"category-rubriker","8":"tag-breaking-news","9":"tag-breakingnews","10":"tag-featured-news","11":"tag-featurednews","12":"tag-headlines","13":"tag-huvudnyheter","14":"tag-latest-news","15":"tag-latestnews","16":"tag-main-news","17":"tag-mainnews","18":"tag-news","19":"tag-nyheter","20":"tag-rubriker","21":"tag-se","22":"tag-svenska","23":"tag-sverige","24":"tag-sweden","25":"tag-swedish","26":"tag-top-stories","27":"tag-topstories"},"share_on_mastodon":{"url":"https:\/\/pubeurope.com\/@se\/115802662679011615","error":""},"_links":{"self":[{"href":"https:\/\/www.europesays.com\/se\/wp-json\/wp\/v2\/posts\/119651","targetHints":{"allow":["GET"]}}],"collection":[{"href":"https:\/\/www.europesays.com\/se\/wp-json\/wp\/v2\/posts"}],"about":[{"href":"https:\/\/www.europesays.com\/se\/wp-json\/wp\/v2\/types\/post"}],"author":[{"embeddable":true,"href":"https:\/\/www.europesays.com\/se\/wp-json\/wp\/v2\/users\/2"}],"replies":[{"embeddable":true,"href":"https:\/\/www.europesays.com\/se\/wp-json\/wp\/v2\/comments?post=119651"}],"version-history":[{"count":0,"href":"https:\/\/www.europesays.com\/se\/wp-json\/wp\/v2\/posts\/119651\/revisions"}],"wp:featuredmedia":[{"embeddable":true,"href":"https:\/\/www.europesays.com\/se\/wp-json\/wp\/v2\/media\/119652"}],"wp:attachment":[{"href":"https:\/\/www.europesays.com\/se\/wp-json\/wp\/v2\/media?parent=119651"}],"wp:term":[{"taxonomy":"category","embeddable":true,"href":"https:\/\/www.europesays.com\/se\/wp-json\/wp\/v2\/categories?post=119651"},{"taxonomy":"post_tag","embeddable":true,"href":"https:\/\/www.europesays.com\/se\/wp-json\/wp\/v2\/tags?post=119651"}],"curies":[{"name":"wp","href":"https:\/\/api.w.org\/{rel}","templated":true}]}}