{"id":119665,"date":"2025-12-29T11:48:32","date_gmt":"2025-12-29T11:48:32","guid":{"rendered":"https:\/\/www.europesays.com\/se\/119665\/"},"modified":"2025-12-29T11:48:32","modified_gmt":"2025-12-29T11:48:32","slug":"baker-amer-lamnar-hif-helsingborgs-if","status":"publish","type":"post","link":"https:\/\/www.europesays.com\/se\/119665\/","title":{"rendered":"Baker Amer l\u00e4mnar HIF &#8211; Helsingborgs IF"},"content":{"rendered":"<p><strong>Baker Amer har valt att avb\u00f6ja HIF:s f\u00f6rslag om kontraktsf\u00f6rl\u00e4ngning och l\u00e4mnar d\u00e4rmed f\u00f6reningen. Vi tackar honom f\u00f6r tio \u00e5r i Helsingborgs IF och \u00f6nskar lycka till.<\/strong><\/p>\n<p>Baker Amer kom till HIF fr\u00e5n Stattena IF n\u00e4r han var tio \u00e5r gammal och tog sig igenom f\u00f6reningens ungdoms- och akademiverksamhet. Under det sista junior\u00e5ret gjorde han 17 m\u00e5l i P19 Allsvenskan och flyttades inf\u00f6r 2025 \u00e5rs s\u00e4song permanent upp till herrlaget. Sin debut f\u00f6r representationslaget gjorde forwarden redan sommaren 2023 i en tr\u00e4ningsmatch mot Mj\u00e4llby AIF.<\/p>\n<p>Sammanlagt har 20-\u00e5ringen spelat 23 A-lagsmatcher och gjort ett m\u00e5l. Det kom i hemmasegern mot Utsiktens BK i somras.<\/p>\n<p>\u2013 Jag vill rikta ett stort tack till alla i och runt klubben som genom \u00e5ren har varit st\u00f6ttande och v\u00e4lkomnande mot mig. Jag \u00e4r otroligt tacksam f\u00f6r allt jag har f\u00e5tt uppleva och f\u00f6r den tid som har format mig, b\u00e5de som spelare och som person. Jag \u00e4r oerh\u00f6rt stolt \u00f6ver att ha f\u00e5tt b\u00e4ra klubbm\u00e4rket. Att f\u00e5 b\u00f6rja som knatte, arbeta sig hela v\u00e4gen upp och till slut representera A-laget och spela p\u00e5 Olympia har varit en dr\u00f6m som g\u00e5tt i uppfyllelse, s\u00e4ger 20-\u00e5ringen och forts\u00e4tter:<\/p>\n<p>\u2013 Ett stort tack till mina lagkamrater, ledarstaben, alla runt f\u00f6reningen och inte minst supportrarna som alltid funnits d\u00e4r \u2013 b\u00e5de hemma och borta. Det har varit en dr\u00f6m sedan jag var liten att f\u00e5 spela inf\u00f6r Sveriges b\u00e4sta fans, som har gett mig ett enormt st\u00f6d varje g\u00e5ng jag har klivit ut p\u00e5 planen. Jag \u00f6nskar klubben all lycka i framtiden och hoppas att detta inte \u00e4r sista g\u00e5ngen jag f\u00e5r chansen att spela f\u00f6r den h\u00e4r fantastiska klubben. F\u00f6rhoppningsvis m\u00f6ts v\u00e5ra v\u00e4gar igen, avslutar han.<\/p>\n<p>Helsingborgs IF vill tacka Baker f\u00f6r tio \u00e5r i v\u00e5r f\u00f6rening och f\u00f6r att han alltid representerat f\u00f6reningen p\u00e5 allra b\u00e4sta s\u00e4tt. Han har varit och \u00e4r, genom sin resa i HIF, en f\u00f6rebild f\u00f6r m\u00e5nga ungdomar i Helsingborg. Vi \u00f6nskar honom allt det b\u00e4sta i framtiden.<\/p>\n","protected":false},"excerpt":{"rendered":"Baker Amer har valt att avb\u00f6ja HIF:s f\u00f6rslag om kontraktsf\u00f6rl\u00e4ngning och l\u00e4mnar d\u00e4rmed f\u00f6reningen. Vi tackar honom f\u00f6r&hellip;\n","protected":false},"author":2,"featured_media":119666,"comment_status":"","ping_status":"","sticky":false,"template":"","format":"standard","meta":{"footnotes":""},"categories":[68],"tags":[34,111,110,31,33,32,30],"class_list":{"0":"post-119665","1":"post","2":"type-post","3":"status-publish","4":"format-standard","5":"has-post-thumbnail","7":"category-sport","8":"tag-se","9":"tag-sport","10":"tag-sports","11":"tag-svenska","12":"tag-sverige","13":"tag-sweden","14":"tag-swedish"},"share_on_mastodon":{"url":"https:\/\/pubeurope.com\/@se\/115802702082528705","error":""},"_links":{"self":[{"href":"https:\/\/www.europesays.com\/se\/wp-json\/wp\/v2\/posts\/119665","targetHints":{"allow":["GET"]}}],"collection":[{"href":"https:\/\/www.europesays.com\/se\/wp-json\/wp\/v2\/posts"}],"about":[{"href":"https:\/\/www.europesays.com\/se\/wp-json\/wp\/v2\/types\/post"}],"author":[{"embeddable":true,"href":"https:\/\/www.europesays.com\/se\/wp-json\/wp\/v2\/users\/2"}],"replies":[{"embeddable":true,"href":"https:\/\/www.europesays.com\/se\/wp-json\/wp\/v2\/comments?post=119665"}],"version-history":[{"count":0,"href":"https:\/\/www.europesays.com\/se\/wp-json\/wp\/v2\/posts\/119665\/revisions"}],"wp:featuredmedia":[{"embeddable":true,"href":"https:\/\/www.europesays.com\/se\/wp-json\/wp\/v2\/media\/119666"}],"wp:attachment":[{"href":"https:\/\/www.europesays.com\/se\/wp-json\/wp\/v2\/media?parent=119665"}],"wp:term":[{"taxonomy":"category","embeddable":true,"href":"https:\/\/www.europesays.com\/se\/wp-json\/wp\/v2\/categories?post=119665"},{"taxonomy":"post_tag","embeddable":true,"href":"https:\/\/www.europesays.com\/se\/wp-json\/wp\/v2\/tags?post=119665"}],"curies":[{"name":"wp","href":"https:\/\/api.w.org\/{rel}","templated":true}]}}