{"id":119676,"date":"2025-12-29T11:57:23","date_gmt":"2025-12-29T11:57:23","guid":{"rendered":"https:\/\/www.europesays.com\/se\/119676\/"},"modified":"2025-12-29T11:57:23","modified_gmt":"2025-12-29T11:57:23","slug":"forlust-for-team-thorengruppen-sk-i-toppmatchen-mot-vasteras-ronnby-vasterbottens-kuriren","status":"publish","type":"post","link":"https:\/\/www.europesays.com\/se\/119676\/","title":{"rendered":"F\u00f6rlust f\u00f6r Team Thorengruppen SK i toppmatchen mot V\u00e4ster\u00e5s R\u00f6nnby &#8211; V\u00e4sterbottens-Kuriren"},"content":{"rendered":"<ol>\n<li><a href=\"https:\/\/news.google.com\/rss\/articles\/CBMipAFBVV95cUxQdktLSDBmNHlMMDd3bkpLVEw0Vkh1b2lhd0ZTanp4T3dxdTVBMjQwOEdqM2JWOVl5bXdZdTA1eVd5c2JkMlo1X1AtNURXaURHQ3JLZzhXbGRHMGdsWmN2Y3VPbFA2cjFKd001WFhaRXNBbG9QNDlNOE81RUVnMVJ5ajVXZlBXOG0zRXJGZGRhMnVSdVJMQXNUTTFfbHZiSW9jeDVpdg?oc=5\" target=\"_blank\" rel=\"nofollow noopener\">F\u00f6rlust f\u00f6r Team Thorengruppen SK i toppmatchen mot V\u00e4ster\u00e5s R\u00f6nnby<\/a>&nbsp;&nbsp;V\u00e4sterbottens-Kuriren<\/li>\n<li><a href=\"https:\/\/news.google.com\/rss\/articles\/CBMif0FVX3lxTFBlQVZSc2dpWEYtLWt2VzVJN0MyOG1fVTc2bGZMZm1mV1VFazBjN196MUZHelV6SmtibnFwTTBJNmZuSlphYVE3MWNOT1VSNmtqZGF5aHdDQ2NjOWJfczVxbmdkWHpEbkZBUmFNU2tSZDV0b3JJOVlkbjFURHl0Qk0?oc=5\" target=\"_blank\" rel=\"nofollow noopener\">Chockade serieledarna: \u201dPratar alltid om SM-guld\u201d<\/a>&nbsp;&nbsp;VLT<\/li>\n<li><a href=\"https:\/\/news.google.com\/rss\/articles\/CBMifkFVX3lxTFBBVUFSaU9OTVEwdl9PU0xDOUl6eVcxMDZzVDAzYldVTm1teWREYVRwaU92S0d3c1hTN0h6LUNwd0NQUjlBZFZ0eFVaM2tpNVJvbkhVMzN2emowYUVydzluVC1RWUY1dW54RHhoYTY4Qmducmc4cEl2TURqb0NlUQ?oc=5\" target=\"_blank\" rel=\"nofollow noopener\">R\u00f6nnby Tigers f\u00f6rsta laget att sl\u00e5 regerande m\u00e4starna<\/a>&nbsp;&nbsp;Sveriges Radio<\/li>\n<li><a href=\"https:\/\/news.google.com\/rss\/articles\/CBMi3gFBVV95cUxQcGlnX3VUTmJSSEEtMS1iUXJkeXNJajB6aFVLZFVyX2owbHljX3NXTG5EWU5WMGVla2hDN1B4TWNkRHlEMlRCTkRRQVdpSE1yY1htYjVNalNGMWtPNFVPeXZudkthdE5HMnVHaEljUWlzZTBCN280VGFCSkpWSzJyNmNjS2k2T0l0bFVjR1hlM3ZLcEdpc2h5VG9Hb2ZUa1paMG85WGdoMDlBSFlRVUhUOVJDU0dsaTFDOW9wWXd4ZVNUVVE0NHdZdTlOS2RCZDVneHNaa0ZJOFMzYk1HSXc?oc=5\" target=\"_blank\" rel=\"nofollow noopener\">V\u00e4ster\u00e5s R\u00f6nnby vann tidiga seriefinalen mot Team Thorengruppen IBK med 7\u20136<\/a>&nbsp;&nbsp;Hallands Nyheter<\/li>\n<li><a href=\"https:\/\/news.google.com\/rss\/articles\/CBMidkFVX3lxTE14SUtiTFBINVRMR0k1bXZGVy1xZkQyaWh1X0tYQjdMV3ctNjNjaWh3X3FHLWtSU2ZXZEljWUxSWjgzQnd0RVR3a2lWRFN0dkRNbGFob1JYTGVjMnUwVnZ6OGh5QmliQU94Y2diR3RZN0NxZTZlc3c?oc=5\" target=\"_blank\" rel=\"nofollow noopener\">Kostsamma perioden: \u201dVi s\u00e4tter oss i skiten\u201d<\/a>&nbsp;&nbsp;Folkbladet<\/li>\n<\/ol>\n","protected":false},"excerpt":{"rendered":"F\u00f6rlust f\u00f6r Team Thorengruppen SK i toppmatchen mot V\u00e4ster\u00e5s R\u00f6nnby&nbsp;&nbsp;V\u00e4sterbottens-Kuriren Chockade serieledarna: \u201dPratar alltid om SM-guld\u201d&nbsp;&nbsp;VLT R\u00f6nnby Tigers&hellip;\n","protected":false},"author":2,"featured_media":119677,"comment_status":"","ping_status":"","sticky":false,"template":"","format":"standard","meta":{"footnotes":""},"categories":[68],"tags":[34,111,110,31,33,32,30],"class_list":{"0":"post-119676","1":"post","2":"type-post","3":"status-publish","4":"format-standard","5":"has-post-thumbnail","7":"category-sport","8":"tag-se","9":"tag-sport","10":"tag-sports","11":"tag-svenska","12":"tag-sverige","13":"tag-sweden","14":"tag-swedish"},"share_on_mastodon":{"url":"https:\/\/pubeurope.com\/@se\/115802737480586215","error":""},"_links":{"self":[{"href":"https:\/\/www.europesays.com\/se\/wp-json\/wp\/v2\/posts\/119676","targetHints":{"allow":["GET"]}}],"collection":[{"href":"https:\/\/www.europesays.com\/se\/wp-json\/wp\/v2\/posts"}],"about":[{"href":"https:\/\/www.europesays.com\/se\/wp-json\/wp\/v2\/types\/post"}],"author":[{"embeddable":true,"href":"https:\/\/www.europesays.com\/se\/wp-json\/wp\/v2\/users\/2"}],"replies":[{"embeddable":true,"href":"https:\/\/www.europesays.com\/se\/wp-json\/wp\/v2\/comments?post=119676"}],"version-history":[{"count":0,"href":"https:\/\/www.europesays.com\/se\/wp-json\/wp\/v2\/posts\/119676\/revisions"}],"wp:featuredmedia":[{"embeddable":true,"href":"https:\/\/www.europesays.com\/se\/wp-json\/wp\/v2\/media\/119677"}],"wp:attachment":[{"href":"https:\/\/www.europesays.com\/se\/wp-json\/wp\/v2\/media?parent=119676"}],"wp:term":[{"taxonomy":"category","embeddable":true,"href":"https:\/\/www.europesays.com\/se\/wp-json\/wp\/v2\/categories?post=119676"},{"taxonomy":"post_tag","embeddable":true,"href":"https:\/\/www.europesays.com\/se\/wp-json\/wp\/v2\/tags?post=119676"}],"curies":[{"name":"wp","href":"https:\/\/api.w.org\/{rel}","templated":true}]}}