{"id":119678,"date":"2025-12-29T11:58:10","date_gmt":"2025-12-29T11:58:10","guid":{"rendered":"https:\/\/www.europesays.com\/se\/119678\/"},"modified":"2025-12-29T11:58:10","modified_gmt":"2025-12-29T11:58:10","slug":"10-tv-serier-att-se-fram-emot-2026","status":"publish","type":"post","link":"https:\/\/www.europesays.com\/se\/119678\/","title":{"rendered":"10 tv-serier att se fram emot 2026"},"content":{"rendered":"<p>Publicerad 29 dec 2025 kl 12.03<\/p>\n<p>Nytt tv-\u00e5r.\u00a0<\/p>\n<p>Nya serier att se fram emot!<\/p>\n<p>H\u00e4r \u00e4r tio stycken som f\u00f6rhoppningsvis h\u00e5ller m\u00e5ttet 2026.\u00a0<\/p>\n<p><img   alt=\"\"\/><\/p>\n<p>Mohammed Nour Oklah och Krista Kosonen i \u201dSynden\u201d.<\/p>\n<p>Foto: Carolina Romare \/ Netflix<\/p>\n<p>\u00d6ppna bild i helsk\u00e4rm<img loading=\"lazy\"   alt=\"\"\/><\/p>\n<p>Tom Hiddleston som Jonathan Pine i \u201dThe night manager\u201d s\u00e4song 2.<\/p>\n<p>Foto: Des Willie \/ Prime Video<\/p>\n<p>\u00d6ppna bild i helsk\u00e4rm\u201dSynden\u201d (2 januari, Netflix)<\/p>\n<p>Utspelas p\u00e5 sk\u00e5nska landsbygden och i samband med att ton\u00e5ringen Silas hittas d\u00f6d. Utredningen leder huvudpersonerna in i vad som beskrivs som ett \u201dpatriarkalt r\u00e5tth\u00e5l\u201d. Skriven och regisserad av Peter Gr\u00f6nlund, som s\u00e4ger att serien \u00e4r en \u201dr\u00e5, filmisk resa\u201d.\u00a0<\/p>\n<p>\u201dThe night manager\u201d \u2013 s\u00e4song 2 (11 januari, Prime Video)<\/p>\n<p>Tillbaka med nya avsnitt \u00e5tta \u00e5r efter det senaste. Rollfigurerna kommer fr\u00e5n John le Carr\u00e9s roman, ber\u00e4ttelsen \u00e4r ny. Tom Hiddleston spelar Jonathan Pine, som tagit namnet Alex Goodwin. I Colombia leder det ena till andra och s\u00e5 ska en konspiration stoppas.\u00a0<\/p>\n<p><img loading=\"lazy\"   alt=\"\"\/><\/p>\n<p>\u201dA knight of the Seven Kingdoms\u201d har premi\u00e4r 19 januari.<\/p>\n<p>Foto: HBO<\/p>\n<p>\u00d6ppna bild i helsk\u00e4rm<img loading=\"lazy\"   alt=\"\"\/><\/p>\n<p>\u201dVaka\u201d har premi\u00e4r 30 januari p\u00e5 Prime Video.<\/p>\n<p>Foto: Prime Video<\/p>\n<p>\u00d6ppna bild i helsk\u00e4rm\u201dA knight of the seven kingdoms\u201d (19 januari, HBO Max)<\/p>\n<p>Baseras p\u00e5 George R.R. Martins roman \u201dRiddaren av de sju konungarikena\u201d. En andra s\u00e4song \u00e4r best\u00e4lld. F\u00f6rsta handlar om Ser Duncan the Tall och hans unga v\u00e4pnare Egg. Ing\u00e5r i samma universum som \u201dGame of thrones\u201d, men tonen och stilen \u00e4r n\u00e5got annat.\u00a0<\/p>\n<p>\u201dVaka\u201d (30 januari, Prime Video)<\/p>\n<p>Apokalyptisk thrillerserie med bland andra Aliette Opheim och Jonas Karlsson i huvudrollerna. Utspelas i Stockholm och i samband med att en epidemi av d\u00f6dlig insomnia sprider sig som en l\u00f6peld. Stark rollista. Henrik Georgsson, k\u00e4nd f\u00f6r \u201dBron\u201d, regisserar.\u00a0<\/p>\n<p><img loading=\"lazy\"   alt=\"\"\/><\/p>\n<p>Joel Kinnaman och Tobias Santelmann i \u201dHarry Hole\u201d.<\/p>\n<p>Foto: Netflix<\/p>\n<p>\u00d6ppna bild i helsk\u00e4rm<img loading=\"lazy\"   alt=\"\"\/><\/p>\n<p>Zendaya p\u00e5 en av de f\u00f6rsta bilderna fr\u00e5n \u201dEuphoria\u201d s\u00e4song 3.<\/p>\n<p>Foto: HBO<\/p>\n<p>\u00d6ppna bild i helsk\u00e4rm\u201dHarry Hole\u201d (26 mars, Netflix)<\/p>\n<p>Fokus \u00e4r p\u00e5 Jo Nesb\u00f8s romanfigur Harry Hole, men \u00e4ven s\u00e5 p\u00e5 hans \u00e4rkefiende Tom Waaler, spelad av Joel Kinnaman. Ett g\u00e4ng svenskar p\u00e5 seriens rollista. Nesb\u00f8 st\u00e5r f\u00f6r manus, bland andra Anna Zachrisson regisserar. Nio avsnitt. Produktionen hoppas p\u00e5 fler.\u00a0<\/p>\n<p>\u201dEuphoria\u201d \u2013 s\u00e4song 3 (april, HBO Max)<\/p>\n<p>Den nya s\u00e4songen g\u00f6r ett tidshopp p\u00e5 fem \u00e5r, vilket inneb\u00e4r att rollfigurerna l\u00e4mnat high school och college. Zendayas rollfigur Rue \u00e4r exempelvis i Mexiko, medan Cassie och Nate \u00e4r f\u00f6rlovade. Nya namn p\u00e5 rollistan inkluderar artisten Rosal\u00eda. Kan vara en s\u00e4song som \u00e4r toppen eller botten.\u00a0<\/p>\n<p>Annons<\/p>\n<p><img loading=\"lazy\"   alt=\"\"\/><\/p>\n<p>Arvin Kananian och Bj\u00f6rn Bengtsson spelar huvudrollerna i \u201dHundarna\u201d.<\/p>\n<p>Foto: Anders Nicander \/ SVT<\/p>\n<p>\u00d6ppna bild i helsk\u00e4rm<img loading=\"lazy\"   alt=\"\"\/><\/p>\n<p>Adam Lundgren.<\/p>\n<p>Foto: Anders Nicander \/ TV4<\/p>\n<p>\u00d6ppna bild i helsk\u00e4rm\u201dHundarna\u201d (v\u00e5ren 2026, SVT Play)<\/p>\n<p>Hade f\u00f6rst titeln \u201dF\u00f6rsvararna\u201d. Bj\u00f6rn Bengtsson och Arvin Kananian spelar seriens huvudroller, tv\u00e5 polare som driver en advokatbyr\u00e5. Ett v\u00e5ldt\u00e4ktsfall och ett g\u00e4ngm\u00e5l \u00e4r katalysatorer f\u00f6r handlingen. Baseras p\u00e5 en id\u00e9 av Jens Lapidus. H\u00f6r lovord p\u00e5 f\u00f6rhand.\u00a0<\/p>\n<p>\u201dGolden boys\u201d (v\u00e5ren 2026, TV4 Play)<\/p>\n<p>Om den s\u00e5 kallade Trustorh\u00e4rvan med Adam Lundgren i rollen som Joachim Posener. Fritt baserad p\u00e5 boken \u201dSvindlande aff\u00e4rer\u201d av Gunnar Lindstedt. R\u00e4kna med scener som bland annat f\u00e5ngar huvudpersonernas mytomspunna festande p\u00e5 Stureplan och Franska rivieran.<\/p>\n<p><img loading=\"lazy\"   alt=\"\"\/><\/p>\n<p>Kvartetten bakom SVT:s nya serie \u201dDiagnoser\u201d.<\/p>\n<p>Foto: Sofia Sabel \/ SVT<\/p>\n<p>\u00d6ppna bild i helsk\u00e4rm<img loading=\"lazy\"   alt=\"\"\/><\/p>\n<p>Filip Berg och Aliette Opheim g\u00f6r huvudrollerna i TV4:s nya dramaserie.<\/p>\n<p>Foto: SF Studios \/ TV4<\/p>\n<p>\u00d6ppna bild i helsk\u00e4rm\u201dDiagnoser\u201d (h\u00f6sten 2026, SVT Play)<\/p>\n<p>Serie om det vardagskaos det kan inneb\u00e4ra att leva med adhd och autism i familjen. Huvudrollerna spelas av Mia Sk\u00e4ringer och Siham Shurafa. P\u00e5 rollistan finns \u00e4ven Stina Ekblad, Lars V\u00e4ringer, Michaela Thors\u00e9n och Martin Wallstr\u00f6m.\u00a0<\/p>\n<p>\u201dTills d\u00f6den skiljer oss \u00e5t\u201d (h\u00f6sten 2026, TV4 Play)<\/p>\n<p>Dramathriller med Aliette Opheim och Filip Berg i huvudrollerna. Handlar om familjer\u00e4ttsjuristen Malin och hennes make Tobias. Parets barnvakt hittas d\u00f6d och Tobias pekas ut som misst\u00e4nkt g\u00e4rningsman. Malin tar d\u00e5 p\u00e5 sig rollen som sin mans advokat. \u00a0<\/p>\n","protected":false},"excerpt":{"rendered":"Publicerad 29 dec 2025 kl 12.03 Nytt tv-\u00e5r.\u00a0 Nya serier att se fram emot! H\u00e4r \u00e4r tio stycken&hellip;\n","protected":false},"author":2,"featured_media":119679,"comment_status":"","ping_status":"","sticky":false,"template":"","format":"standard","meta":{"footnotes":""},"categories":[67],"tags":[104,210,1839,12774,544,836,34,645,31,33,32,30,646,105],"class_list":{"0":"post-119678","1":"post","2":"type-post","3":"status-publish","4":"format-standard","5":"has-post-thumbnail","7":"category-underhallning","8":"tag-entertainment","9":"tag-organization-hbo-max","10":"tag-organization-netflix","11":"tag-organization-prime-video","12":"tag-organization-svt-play","13":"tag-organization-tv4-play","14":"tag-se","15":"tag-sections-tv","16":"tag-svenska","17":"tag-sverige","18":"tag-sweden","19":"tag-swedish","20":"tag-topic-tv-serier","21":"tag-underhallning"},"share_on_mastodon":{"url":"https:\/\/pubeurope.com\/@se\/115802741342473417","error":""},"_links":{"self":[{"href":"https:\/\/www.europesays.com\/se\/wp-json\/wp\/v2\/posts\/119678","targetHints":{"allow":["GET"]}}],"collection":[{"href":"https:\/\/www.europesays.com\/se\/wp-json\/wp\/v2\/posts"}],"about":[{"href":"https:\/\/www.europesays.com\/se\/wp-json\/wp\/v2\/types\/post"}],"author":[{"embeddable":true,"href":"https:\/\/www.europesays.com\/se\/wp-json\/wp\/v2\/users\/2"}],"replies":[{"embeddable":true,"href":"https:\/\/www.europesays.com\/se\/wp-json\/wp\/v2\/comments?post=119678"}],"version-history":[{"count":0,"href":"https:\/\/www.europesays.com\/se\/wp-json\/wp\/v2\/posts\/119678\/revisions"}],"wp:featuredmedia":[{"embeddable":true,"href":"https:\/\/www.europesays.com\/se\/wp-json\/wp\/v2\/media\/119679"}],"wp:attachment":[{"href":"https:\/\/www.europesays.com\/se\/wp-json\/wp\/v2\/media?parent=119678"}],"wp:term":[{"taxonomy":"category","embeddable":true,"href":"https:\/\/www.europesays.com\/se\/wp-json\/wp\/v2\/categories?post=119678"},{"taxonomy":"post_tag","embeddable":true,"href":"https:\/\/www.europesays.com\/se\/wp-json\/wp\/v2\/tags?post=119678"}],"curies":[{"name":"wp","href":"https:\/\/api.w.org\/{rel}","templated":true}]}}