{"id":119684,"date":"2025-12-29T12:03:23","date_gmt":"2025-12-29T12:03:23","guid":{"rendered":"https:\/\/www.europesays.com\/se\/119684\/"},"modified":"2025-12-29T12:03:23","modified_gmt":"2025-12-29T12:03:23","slug":"bjuggren-s-svarar-efter-attacken-om-stockholm-desperata","status":"publish","type":"post","link":"https:\/\/www.europesays.com\/se\/119684\/","title":{"rendered":"Bjuggren (S) svarar efter attacken om Stockholm: Desperata"},"content":{"rendered":"<p><a class=\"wing-tag\" href=\"https:\/\/www.expressen.se\/om\/val-2026\/\" rel=\"nofollow noopener\" target=\"_blank\">Val 2026<\/a><\/p>\n<p>Publicerad 28 dec 2025 kl 15.37Uppdaterad 29 dec kl 12.46<\/p>\n<p>Moderaterna har upprepat pekat ut det r\u00f6dgr\u00f6na styret i Stockholm som ett skr\u00e4ckexempel.<\/p>\n<p>Emilia Bjuggren, som vann internstriden om att bli ny S-topp i staden, tolkar det som nervositet.<\/p>\n<p>\u2013 Att statsministern skickar ut en stor del av sin regering f\u00f6r att kritisera vad vi g\u00f6r h\u00e4r visar hur desperata de \u00e4r.<\/p>\n<p>Senaste nyhetsklippen fr\u00e5n Expressen.<img   alt=\"\"\/><\/p>\n<p>Emilia Bjuggren (S) tar \u00f6ver toppositionen i Stockholms stad fr\u00e5n partikamraten Karin Wanng\u00e5rd.<\/p>\n<p>Foto: Pontus Lundahl\/TT<\/p>\n<p>\u00d6ppna bild i helsk\u00e4rm<img loading=\"lazy\"   alt=\"\"\/><\/p>\n<p>Finansminister Elisabeth Svantesson (M), h\u00e4r med statsminister Ulf Kristersson, har kritiserat Stockholmspolitiken.<\/p>\n<p>Foto: OLLE SPORRONG<\/p>\n<p>\u00d6ppna bild i helsk\u00e4rmArtikeln i korthet<\/p>\n<p> Emilia Bjuggren, som vann internstriden om att bli ny S-topp i Stockholm, kritiserar Moderaterna f\u00f6r att de m\u00e5lar ut det r\u00f6dgr\u00f6na samarbetet i staden som ett skr\u00e4ckexempel.\u00a0<\/p>\n<p> Enligt Bjuggren kan M-toppen Christofer Fjellner i Stockholms stad vara p\u00e5 v\u00e4g att \u00f6ppna f\u00f6r SD-samarbete.<\/p>\n<p> Hon tror att det skulle vara impopul\u00e4rt i staden.<\/p>\n<p>Visa mer<\/p>\n<p>Skatteh\u00f6jningar, h\u00f6g skulds\u00e4ttning och en tr\u00e5kigare stad finns bland det Moderaterna brukar kritisera S, V och MP-styret i Stockholm f\u00f6r.<\/p>\n<p>I en debattartikel i Expressen i oktober kallade finansminister Elisabeth Svantesson (M) och hennes partikamrater, oppositionsborgarr\u00e5den Christofer Fjellner, Stockholms stad, och Kristoffer Tamsons, Region Stockholm, den r\u00f6dgr\u00f6na politiken f\u00f6r \u201d<a href=\"https:\/\/www.expressen.se\/debatt\/debatt-rodgron-politik-gor-stockholmarna-fattiga\/\" rel=\"nofollow noopener\" target=\"_blank\">en giftig cocktail<\/a>\u201d.<\/p>\n<p>Emilia Bjuggren, 38, vann nyligen internkampen om att eftertr\u00e4da Karin Wanng\u00e5rd som S-gruppledare och finansborgarr\u00e5d efter valet, om de r\u00f6dgr\u00f6na f\u00e5r f\u00f6rnyat f\u00f6rtroende.<\/p>\n<p>Bjuggren var bland annat f\u00f6reningen Reformisternas val.<\/p>\n<p>Expressens k\u00e4llor har beskrivit striden som \u201dsmutsig\u201d och \u201den fajt mellan v\u00e4nster och h\u00f6ger\u201d i partiet.<\/p>\n<p><img loading=\"lazy\"   alt=\"\"\/><\/p>\n<p>\u201dJag kanske inte \u00e4r s\u00e5 r\u00e4dd f\u00f6r epitetet v\u00e4nstersosse\u201d, s\u00e4ger Emilia Bjuggren, som gick segrande ur internstriden och eftertr\u00e4der Karin Wanng\u00e5rd.<\/p>\n<p>Foto: Pontus Lundahl\/TT<\/p>\n<p>\u00d6ppna bild i helsk\u00e4rm\u201dBrett st\u00f6d\u201d<\/p>\n<p>Emilia Bjuggren sj\u00e4lv s\u00e4ger att hon haft ett brett st\u00f6d i partidistriktet.<\/p>\n<p>\u2013\u00a0Men jag kanske inte \u00e4r s\u00e5 r\u00e4dd f\u00f6r epitetet v\u00e4nstersosse.\u00a0<\/p>\n<p>Hon \u00e4r kritisk till Moderaternas agerande i Stockholm och p\u00e5 nationell niv\u00e5.\u00a0<\/p>\n<p>P\u00e5 regionplanet slog Kristoffer Tamsons nyligen fast att <a href=\"https:\/\/www.expressen.se\/nyheter\/politik\/m-toppens-besked-i-stockholm-stanger-dorren-for-mp\/\" rel=\"nofollow noopener\" target=\"_blank\">ett samarbete med Milj\u00f6partiet, som skett tidigare, nu \u00e4r uteslutet<\/a>.<\/p>\n<p>\u2013\u00a0Det \u00e4r anm\u00e4rkningsv\u00e4rt att han st\u00e4nger d\u00f6rren f\u00f6r Milj\u00f6partiet men \u00f6ppnar den f\u00f6r SD, det tror jag att m\u00e5nga stockholmare reagerar p\u00e5, s\u00e4ger Bjuggren.<\/p>\n<p>Hittills har Jimmie \u00c5kessons parti st\u00e4ngts ute fr\u00e5n inflytande i Stockholms stad. Men Bjuggren tycker sig se tecken p\u00e5 att \u00e4ven Christofer Fjellner, som i dag samarbetar inom den forna alliansen utan SD, \u00e4r p\u00e5 v\u00e4g att sv\u00e4nga.<\/p>\n<p>\u2013\u00a0Fjellner har inte varit lika tydlig eller \u00e4rlig i sina besked till Stockholmarna.<\/p>\n<p>Enligt Bjuggren handlar det om r\u00e4dsla.<\/p>\n<p>\u2013 P\u00e5 ett s\u00e4tt f\u00f6rst\u00e5r jag att Fjellner \u00e4r orolig f\u00f6r han vet att om Moderaterna ska kunna vinna valet p\u00e5 riks s\u00e5 m\u00e5ste de vinna Stockholm. Och just nu v\u00e4nder stockholmarna Moderaterna ryggen, s\u00e4ger hon.<\/p>\n<p>Vill punktmarkera unga<\/p>\n<p>Enligt interna m\u00e4tningar fr\u00e5n <a href=\"https:\/\/www.expressen.se\/tagg\/organization\/socialdemokraterna\/\" class=\"\" rel=\"nofollow noopener\" target=\"_blank\">Socialdemokraterna<\/a> skulle S i dag f\u00e5 st\u00f6d av 31 procent av v\u00e4ljarna i Stockholm och Moderaterna 17 procent.<\/p>\n<p>Annons<\/p>\n<p>\u2013\u00a0Jag tror inte att det \u00e4r s\u00e5 enkelt att det bara handlar om SD, s\u00e4ger Bjuggren.<\/p>\n<p>\u2013 Stockholmarna ser att Moderaterna inte st\u00e5r upp f\u00f6r en stabil v\u00e4lf\u00e4rd och att de inte prioriterar f\u00f6rebyggande arbete tillr\u00e4ckligt. Men det \u00e4r klart att jag ocks\u00e5 ser att det handlar om polariseringen i v\u00e5rt samh\u00e4lle.<\/p>\n<p>Om S f\u00e5r v\u00e4ljarna med sig vill Emilia Bjuggren forts\u00e4tta p\u00e5 den inslagna v\u00e4gen.\u00a0<\/p>\n<p>Bland annat att satsa p\u00e5 st\u00f6d till ungas skolg\u00e5ng f\u00f6r att bryta nyrekryteringen till kriminella g\u00e4ng, po\u00e4ngterar hon.<\/p>\n<p>\u2013\u00a0Och vi m\u00e5ste ha en socialtj\u00e4nst som \u00e4r rustad att klara den verklighet som vi lever i, och som har f\u00f6rm\u00e5ga och resurser att punktmarkera och hj\u00e4lpa vartenda barn som riskerar att hamna riktigt snett.<\/p>\n<p>M: V\u00e4nsterstyre\u00a0<\/p>\n<p>Christofer Fjellner menar att M uppm\u00e4rksammar Stockholm p\u00e5 grund av skillnaden mellan vad S s\u00e4ger nationellt och vad det g\u00f6r n\u00e4r det har makten.<\/p>\n<p>\u2013 H\u00e4r ser vi vad v\u00e4nsterstyre inneb\u00e4r i praktiken, d\u00e4r man trots rekordh\u00f6g skatt och skenande skulds\u00e4ttning l\u00e5ter skolresultaten falla p\u00e5 bred front och otryggheten breda ut sig, s\u00e4ger han.<\/p>\n<p>Vidare menar Fjellner att M i Stockholm samarbetar inom alliansen.<\/p>\n<p>\u2013 Vi har framg\u00e5ngsrikt styrt Stockholms tillsammans. Det har vi ambitionen att g\u00f6ra igen.\u00a0<\/p>\n<p>Moderaterna i Stockholm har ocks\u00e5 m\u00e4tt opinionen. Enligt M:s m\u00e4tningar, som utf\u00f6rts av opinionsinstitutet Demoskop, har M de senaste kvartalen haft ett v\u00e4ljarst\u00f6d i Stockholm mellan 20 och drygt 22 procent, medan S st\u00f6d legat runt 30 procent.<\/p>\n","protected":false},"excerpt":{"rendered":"Val 2026 Publicerad 28 dec 2025 kl 15.37Uppdaterad 29 dec kl 12.46 Moderaterna har upprepat pekat ut det&hellip;\n","protected":false},"author":2,"featured_media":119685,"comment_status":"","ping_status":"","sticky":false,"template":"","format":"standard","meta":{"footnotes":""},"categories":[12],"tags":[22,23,26,27,17,21,24,25,28,29,15,3464,16,42,1458,3461,18,34,583,31,33,32,30,19,20],"class_list":{"0":"post-119684","1":"post","2":"type-post","3":"status-publish","4":"format-standard","5":"has-post-thumbnail","7":"category-sverige","8":"tag-breaking-news","9":"tag-breakingnews","10":"tag-featured-news","11":"tag-featurednews","12":"tag-headlines","13":"tag-huvudnyheter","14":"tag-latest-news","15":"tag-latestnews","16":"tag-main-news","17":"tag-mainnews","18":"tag-news","19":"tag-newsstory-val-2026","20":"tag-nyheter","21":"tag-organization-moderaterna","22":"tag-organization-socialdemokraterna","23":"tag-organization-stockholms-stad","24":"tag-rubriker","25":"tag-se","26":"tag-sections-politik","27":"tag-svenska","28":"tag-sverige","29":"tag-sweden","30":"tag-swedish","31":"tag-top-stories","32":"tag-topstories"},"share_on_mastodon":{"url":"https:\/\/pubeurope.com\/@se\/115802761090771844","error":""},"_links":{"self":[{"href":"https:\/\/www.europesays.com\/se\/wp-json\/wp\/v2\/posts\/119684","targetHints":{"allow":["GET"]}}],"collection":[{"href":"https:\/\/www.europesays.com\/se\/wp-json\/wp\/v2\/posts"}],"about":[{"href":"https:\/\/www.europesays.com\/se\/wp-json\/wp\/v2\/types\/post"}],"author":[{"embeddable":true,"href":"https:\/\/www.europesays.com\/se\/wp-json\/wp\/v2\/users\/2"}],"replies":[{"embeddable":true,"href":"https:\/\/www.europesays.com\/se\/wp-json\/wp\/v2\/comments?post=119684"}],"version-history":[{"count":0,"href":"https:\/\/www.europesays.com\/se\/wp-json\/wp\/v2\/posts\/119684\/revisions"}],"wp:featuredmedia":[{"embeddable":true,"href":"https:\/\/www.europesays.com\/se\/wp-json\/wp\/v2\/media\/119685"}],"wp:attachment":[{"href":"https:\/\/www.europesays.com\/se\/wp-json\/wp\/v2\/media?parent=119684"}],"wp:term":[{"taxonomy":"category","embeddable":true,"href":"https:\/\/www.europesays.com\/se\/wp-json\/wp\/v2\/categories?post=119684"},{"taxonomy":"post_tag","embeddable":true,"href":"https:\/\/www.europesays.com\/se\/wp-json\/wp\/v2\/tags?post=119684"}],"curies":[{"name":"wp","href":"https:\/\/api.w.org\/{rel}","templated":true}]}}