{"id":119688,"date":"2025-12-29T12:06:07","date_gmt":"2025-12-29T12:06:07","guid":{"rendered":"https:\/\/www.europesays.com\/se\/119688\/"},"modified":"2025-12-29T12:06:07","modified_gmt":"2025-12-29T12:06:07","slug":"skidskytte-lagkamratens-ilska-efter-bakkens-dod-vaccinmotstandare-utnyttjar","status":"publish","type":"post","link":"https:\/\/www.europesays.com\/se\/119688\/","title":{"rendered":"Skidskytte: Lagkamratens ilska efter Bakkens d\u00f6d: \u201dVaccinmotst\u00e5ndare utnyttjar\u201d"},"content":{"rendered":"<p>Den 23 december hittades Sivert Guttorm Bakken d\u00f6d p\u00e5 sitt hotellrum i Italien. Vad som ligger bakom 27-\u00e5ringens d\u00f6d \u00e4r \u00e4nnu inte fastst\u00e4llt.<\/p>\n<p>Enligt det norska f\u00f6rbundet bar han en <a href=\"https:\/\/www.svt.se\/sport\/skidskytte\/nya-uppgifter-om-bakkens-hoghojdsmask\" rel=\"nofollow noopener\" target=\"_blank\">h\u00f6gh\u00f6jdsmask n\u00e4r han hittades.<\/a> Dessutom har han tidigare <a href=\"https:\/\/www.svt.se\/sport\/skidskytte\/efter-hjartproblemen-sivert-guttorm-bakken-vann-em-guld-det-betyder-allt\" rel=\"nofollow noopener\" target=\"_blank\">haft hj\u00e4rtproblem<\/a> som uppkom i samband med att han tog covid-vaccin.<\/p>\n<p>Dessa uppgifter och att man \u00e4nnu inte kunnat utreda d\u00f6dsfallet har gjort att m\u00e5nga spekulerar kring hans d\u00f6d. Vetle Sj\u00e5stad Christiansen s\u00f6rjer sin lagkamrat och blir samtidigt irriterad \u00f6ver spekulationerna som f\u00f6rekommer.<\/p>\n<p>\u2013 Det \u00e4r s\u00e5 m\u00e5nga som uttalar sig utan att ha n\u00e5gon kunskap. Det \u00e4r b\u00e5de vaccinmotst\u00e5ndare som nu utnyttjar m\u00f6jligheten, men ocks\u00e5 alla de som skyller p\u00e5 h\u00f6jdsimulering utan att vi vet s\u00e5 mycket \u00e4nnu, s\u00e4ger Vetle Sj\u00e5stad Christiansen till VG.<\/p>\n<p>D\u00f6dsfallet utreds just nu och enligt VG v\u00e4ntas den prelimin\u00e4ra obduktionsrapporten komma i b\u00f6rjan av veckan.<\/p>\n<p>\u2013 Kan det finnas n\u00e5got underliggande som kan besvaras i en obduktion? F\u00e5r man n\u00e5gonsin ett riktigt svar? Jag vill v\u00e4nta med att s\u00e4ga n\u00e5got tills du har allt p\u00e5 bordet, s\u00e4ger han.<\/p>\n","protected":false},"excerpt":{"rendered":"Den 23 december hittades Sivert Guttorm Bakken d\u00f6d p\u00e5 sitt hotellrum i Italien. Vad som ligger bakom 27-\u00e5ringens&hellip;\n","protected":false},"author":2,"featured_media":119078,"comment_status":"","ping_status":"","sticky":false,"template":"","format":"standard","meta":{"footnotes":""},"categories":[68],"tags":[34,111,110,31,33,32,30],"class_list":{"0":"post-119688","1":"post","2":"type-post","3":"status-publish","4":"format-standard","5":"has-post-thumbnail","7":"category-sport","8":"tag-se","9":"tag-sport","10":"tag-sports","11":"tag-svenska","12":"tag-sverige","13":"tag-sweden","14":"tag-swedish"},"share_on_mastodon":{"url":"https:\/\/pubeurope.com\/@se\/115802772806381919","error":""},"_links":{"self":[{"href":"https:\/\/www.europesays.com\/se\/wp-json\/wp\/v2\/posts\/119688","targetHints":{"allow":["GET"]}}],"collection":[{"href":"https:\/\/www.europesays.com\/se\/wp-json\/wp\/v2\/posts"}],"about":[{"href":"https:\/\/www.europesays.com\/se\/wp-json\/wp\/v2\/types\/post"}],"author":[{"embeddable":true,"href":"https:\/\/www.europesays.com\/se\/wp-json\/wp\/v2\/users\/2"}],"replies":[{"embeddable":true,"href":"https:\/\/www.europesays.com\/se\/wp-json\/wp\/v2\/comments?post=119688"}],"version-history":[{"count":0,"href":"https:\/\/www.europesays.com\/se\/wp-json\/wp\/v2\/posts\/119688\/revisions"}],"wp:featuredmedia":[{"embeddable":true,"href":"https:\/\/www.europesays.com\/se\/wp-json\/wp\/v2\/media\/119078"}],"wp:attachment":[{"href":"https:\/\/www.europesays.com\/se\/wp-json\/wp\/v2\/media?parent=119688"}],"wp:term":[{"taxonomy":"category","embeddable":true,"href":"https:\/\/www.europesays.com\/se\/wp-json\/wp\/v2\/categories?post=119688"},{"taxonomy":"post_tag","embeddable":true,"href":"https:\/\/www.europesays.com\/se\/wp-json\/wp\/v2\/tags?post=119688"}],"curies":[{"name":"wp","href":"https:\/\/api.w.org\/{rel}","templated":true}]}}