{"id":119691,"date":"2025-12-29T12:08:06","date_gmt":"2025-12-29T12:08:06","guid":{"rendered":"https:\/\/www.europesays.com\/se\/119691\/"},"modified":"2025-12-29T12:08:06","modified_gmt":"2025-12-29T12:08:06","slug":"lg-visar-upp-nya-bildskarmar-med-ai-uppskalning","status":"publish","type":"post","link":"https:\/\/www.europesays.com\/se\/119691\/","title":{"rendered":"LG visar upp nya bildsk\u00e4rmar med AI-uppskalning"},"content":{"rendered":"<p>LG har inf\u00f6r CES 2026-m\u00e4ssan presenterat sitt nya premiumm\u00e4rke f\u00f6r gamingsk\u00e4rmar: Ultra Gear Evo. Serien best\u00e5r av tre flaggskeppsmodeller \u2013 39GX950B (oled), 27GM950B (miniled) och 52G930B (oled) \u2013 och kommer med inbyggd AI-uppskalning till 5k-uppl\u00f6sning, vilket ska ge h\u00f6gre detaljrikedom utan att belasta grafikkortet.<\/p>\n<p>Den st\u00f6rsta modellen, 52 tum, skriver LG \u00e4r v\u00e4rldens st\u00f6rsta 5K2K-sk\u00e4rm f\u00f6r gaming och har en uppdateringsfrekvens p\u00e5 240 Hz. Den nya 27-tums miniled-modellen har ocks\u00e5 5K-uppl\u00f6sning och 2304 dimningszoner och upp till 1250 nits ljusstyrka. 39-tummaren kombinerar en oled-panel med 165\/330 Hz-l\u00e4gen och 0,03 ms svarstid f\u00f6r snabb respons och djup sv\u00e4rta.<\/p>\n<p>Alla modeller har ocks\u00e5 LG:s nya AI Scene Optimization och AI Sound f\u00f6r att f\u00f6rb\u00e4ttra b\u00e5de bild och ljud i realtid. N\u00e4r de kommer att sl\u00e4ppas och vad de kommer att kosta \u00e4r just nu ok\u00e4nt.<\/p>\n","protected":false},"excerpt":{"rendered":"LG har inf\u00f6r CES 2026-m\u00e4ssan presenterat sitt nya premiumm\u00e4rke f\u00f6r gamingsk\u00e4rmar: Ultra Gear Evo. Serien best\u00e5r av tre&hellip;\n","protected":false},"author":2,"featured_media":119692,"comment_status":"","ping_status":"","sticky":false,"template":"","format":"standard","meta":{"footnotes":""},"categories":[66],"tags":[80,78,79,34,31,33,32,30,81,84,83,82],"class_list":{"0":"post-119691","1":"post","2":"type-post","3":"status-publish","4":"format-standard","5":"has-post-thumbnail","7":"category-vetenskap-och-teknik","8":"tag-science","9":"tag-science-and-technology","10":"tag-scienceandtechnology","11":"tag-se","12":"tag-svenska","13":"tag-sverige","14":"tag-sweden","15":"tag-swedish","16":"tag-technology","17":"tag-teknik","18":"tag-vetenskap","19":"tag-vetenskapteknik"},"share_on_mastodon":{"url":"https:\/\/pubeurope.com\/@se\/115802780712564239","error":""},"_links":{"self":[{"href":"https:\/\/www.europesays.com\/se\/wp-json\/wp\/v2\/posts\/119691","targetHints":{"allow":["GET"]}}],"collection":[{"href":"https:\/\/www.europesays.com\/se\/wp-json\/wp\/v2\/posts"}],"about":[{"href":"https:\/\/www.europesays.com\/se\/wp-json\/wp\/v2\/types\/post"}],"author":[{"embeddable":true,"href":"https:\/\/www.europesays.com\/se\/wp-json\/wp\/v2\/users\/2"}],"replies":[{"embeddable":true,"href":"https:\/\/www.europesays.com\/se\/wp-json\/wp\/v2\/comments?post=119691"}],"version-history":[{"count":0,"href":"https:\/\/www.europesays.com\/se\/wp-json\/wp\/v2\/posts\/119691\/revisions"}],"wp:featuredmedia":[{"embeddable":true,"href":"https:\/\/www.europesays.com\/se\/wp-json\/wp\/v2\/media\/119692"}],"wp:attachment":[{"href":"https:\/\/www.europesays.com\/se\/wp-json\/wp\/v2\/media?parent=119691"}],"wp:term":[{"taxonomy":"category","embeddable":true,"href":"https:\/\/www.europesays.com\/se\/wp-json\/wp\/v2\/categories?post=119691"},{"taxonomy":"post_tag","embeddable":true,"href":"https:\/\/www.europesays.com\/se\/wp-json\/wp\/v2\/tags?post=119691"}],"curies":[{"name":"wp","href":"https:\/\/api.w.org\/{rel}","templated":true}]}}