{"id":119699,"date":"2025-12-29T12:14:10","date_gmt":"2025-12-29T12:14:10","guid":{"rendered":"https:\/\/www.europesays.com\/se\/119699\/"},"modified":"2025-12-29T12:14:10","modified_gmt":"2025-12-29T12:14:10","slug":"langdskidor-edvin-angers-revansch-femma-i-10-kilometer-klassiskt","status":"publish","type":"post","link":"https:\/\/www.europesays.com\/se\/119699\/","title":{"rendered":"L\u00e4ngdskidor: Edvin Angers revansch \u2013 femma i 10 kilometer klassiskt"},"content":{"rendered":"<p>Toblach och Tour de Ski bj\u00f6d p\u00e5 str\u00e5lande sol och perfekta f\u00f6rh\u00e5llanden ute i sp\u00e5ren n\u00e4r herrarna skulle \u00e5ka 10 kilometer klassiskt.<\/p>\n<p>Likt g\u00e5rdagens sprint hade flera svenskar det tufft men d\u00e5 svarade Edvin Anger \u00e5tminstone f\u00f6r en fin insats.<\/p>\n<p>\u2013 Kroppen svarar b\u00e4ttre, det var sk\u00f6nt, s\u00e4ger han.<\/p>\n<p>23-\u00e5ringen fick se sig slagen av tre norrm\u00e4n och en finl\u00e4ndare men gled slutligen in p\u00e5 en femteplats 29 sekunder bakom vinnande Mattis Stenshagen.<\/p>\n<p>\u2013 Det \u00e4r lite f\u00f6r l\u00e5ngt upp men helt klart ett steg \u00e5t r\u00e4tt h\u00e5ll, s\u00e4ger svensken.<\/p>\n<p>D\u00e4refter f\u00f6ljde Johannes H\u00f6sflot Kl\u00e4bo och Emil Iversen. Finl\u00e4ndaren Iivo Niskanen blev fyra.<\/p>\n<p>N\u00e4st b\u00e4sta svensk blev Truls Gisselman p\u00e5 18:e plats. En som hade ytterligare en tuff dag i sp\u00e5ren var Alvar Myhlback som blev 56:a med n\u00e4stan tv\u00e5 minuter upp till Stenshagen.<\/p>\n","protected":false},"excerpt":{"rendered":"Toblach och Tour de Ski bj\u00f6d p\u00e5 str\u00e5lande sol och perfekta f\u00f6rh\u00e5llanden ute i sp\u00e5ren n\u00e4r herrarna skulle&hellip;\n","protected":false},"author":2,"featured_media":119700,"comment_status":"","ping_status":"","sticky":false,"template":"","format":"standard","meta":{"footnotes":""},"categories":[68],"tags":[34,111,110,31,33,32,30],"class_list":{"0":"post-119699","1":"post","2":"type-post","3":"status-publish","4":"format-standard","5":"has-post-thumbnail","7":"category-sport","8":"tag-se","9":"tag-sport","10":"tag-sports","11":"tag-svenska","12":"tag-sverige","13":"tag-sweden","14":"tag-swedish"},"share_on_mastodon":{"url":"https:\/\/pubeurope.com\/@se\/115802804290179567","error":""},"_links":{"self":[{"href":"https:\/\/www.europesays.com\/se\/wp-json\/wp\/v2\/posts\/119699","targetHints":{"allow":["GET"]}}],"collection":[{"href":"https:\/\/www.europesays.com\/se\/wp-json\/wp\/v2\/posts"}],"about":[{"href":"https:\/\/www.europesays.com\/se\/wp-json\/wp\/v2\/types\/post"}],"author":[{"embeddable":true,"href":"https:\/\/www.europesays.com\/se\/wp-json\/wp\/v2\/users\/2"}],"replies":[{"embeddable":true,"href":"https:\/\/www.europesays.com\/se\/wp-json\/wp\/v2\/comments?post=119699"}],"version-history":[{"count":0,"href":"https:\/\/www.europesays.com\/se\/wp-json\/wp\/v2\/posts\/119699\/revisions"}],"wp:featuredmedia":[{"embeddable":true,"href":"https:\/\/www.europesays.com\/se\/wp-json\/wp\/v2\/media\/119700"}],"wp:attachment":[{"href":"https:\/\/www.europesays.com\/se\/wp-json\/wp\/v2\/media?parent=119699"}],"wp:term":[{"taxonomy":"category","embeddable":true,"href":"https:\/\/www.europesays.com\/se\/wp-json\/wp\/v2\/categories?post=119699"},{"taxonomy":"post_tag","embeddable":true,"href":"https:\/\/www.europesays.com\/se\/wp-json\/wp\/v2\/tags?post=119699"}],"curies":[{"name":"wp","href":"https:\/\/api.w.org\/{rel}","templated":true}]}}