{"id":119726,"date":"2025-12-29T12:33:29","date_gmt":"2025-12-29T12:33:29","guid":{"rendered":"https:\/\/www.europesays.com\/se\/119726\/"},"modified":"2025-12-29T12:33:29","modified_gmt":"2025-12-29T12:33:29","slug":"etik-viktigare-an-hallbarhet-i-skonhetsbranschen","status":"publish","type":"post","link":"https:\/\/www.europesays.com\/se\/119726\/","title":{"rendered":"Etik viktigare \u00e4n h\u00e5llbarhet i sk\u00f6nhetsbranschen"},"content":{"rendered":"<p><a data-test-tag=\"internal-link\" href=\"https:\/\/www.aftonbladet.se\/av\/agneta-elmegard\" class=\"hyperion-css-13ns1rr\" rel=\"nofollow noopener\" target=\"\" aria-label=\"Se alla artiklar av Agneta Elmeg\u00e5rd\"><img decoding=\"async\" class=\"image-asset hyperion-css-n6kkq1\" data-test-tag=\"image-asset\" src=\"https:\/\/www.europesays.com\/se\/wp-content\/uploads\/2025\/12\/0ec4f2aa-c7b8-4de8-b9fe-6d5e4d14ad71.png\"  alt=\"\"  loading=\"lazy\" fetchpriority=\"auto\" style=\"aspect-ratio:1900 \/ 1900\"\/><\/a>share-arrowDela<\/p>\n<p>unsaveSpara<\/p>\n<p>expand-left<\/p>\n<p>helsk\u00e4rm<img decoding=\"async\" class=\"image-asset hyperion-css-u06ts1\" data-test-tag=\"image-asset\" src=\"https:\/\/www.europesays.com\/se\/wp-content\/uploads\/2025\/12\/95e6e1b7-9c43-41f8-b7dc-47440d654aa7.jpeg\"  alt=\"Ekonomen och entrepren\u00f6ren Rick Budel ligger bakom hudv\u00e5rdsm\u00e4rket \u00c9ticos som s\u00e4ger sig s\u00e4tta etik framf\u00f6r konsumtionshets. De har en produkt p\u00e5 marknaden, en deodorant.\"  loading=\"eager\" fetchpriority=\"high\" style=\"aspect-ratio:1900 \/ 1425\"\/>Ekonomen och entrepren\u00f6ren Rick Budel ligger bakom hudv\u00e5rdsm\u00e4rket \u00c9ticos som s\u00e4ger sig s\u00e4tta etik framf\u00f6r konsumtionshets. De har en produkt p\u00e5 marknaden, en deodorant. Foto: Agneta Elmeg\u00e5rd<\/p>\n<p class=\"hyperion-css-1shl3oz\" data-test-tag=\"lead-text\">Det ska inte bara vara h\u00e5llbart. Det ska vara etiskt f\u00f6rsvarbart att s\u00e4tta en produkt p\u00e5 marknaden.<\/p>\n<p class=\"hyperion-css-1shl3oz\" data-test-tag=\"lead-text\">Efterfr\u00e5gan p\u00e5 etiska produkter kommer att \u00f6ka under 2026 enligt Cosmetic Business.<\/p>\n<p class=\"hyperion-css-1shl3oz\" data-test-tag=\"lead-text\">\u2013 Inga produkter \u00e4r helt h\u00e5llbara. Det viktiga \u00e4r att vara \u00e4rlig och f\u00f6rs\u00f6ka minska skadan, menar ekonomen Rick Budel.<\/p>\n<p>expand-left<\/p>\n<p>helsk\u00e4rm<img decoding=\"async\" class=\"image-asset hyperion-css-u06ts1\" data-test-tag=\"image-asset\" src=\"https:\/\/www.europesays.com\/se\/wp-content\/uploads\/2025\/12\/d6bcbcaa-3dc8-4cfb-9f26-5054dfd0263d.jpeg\"  alt=\" \u00c9ticos anv\u00e4nder havssalt  och refillsystem f\u00f6r att bli mer cirkul\u00e4ra.\"  loading=\"eager\" fetchpriority=\"high\" style=\"aspect-ratio:830 \/ 532\"\/>\u00c9ticos anv\u00e4nder havssalt  och refillsystem f\u00f6r att bli mer cirkul\u00e4ra.<\/p>\n<p class=\"hyperion-css-1v9qo5x\">N\u00e4r h\u00e5llbarhet mer eller mindre har blivit ett sk\u00e4llsord, kopplar fler och fler sin produktion till etik och ansvar. En etisk produkt k\u00e4nnetecknas av att producenten tar ansvar f\u00f6r konsekvenserna av framst\u00e4llningen. \u00c4ven n\u00e4r det inneb\u00e4r sv\u00e5rare eller dyrare beslut. Ett f\u00f6retag som arbetar efter de h\u00e4r principerna \u00e4r \u00c9ticos. De g\u00f6r deodoranter i refillsystem gjord av bioplast tillverkad av kompost.<\/p>\n<p class=\"hyperion-css-1v9qo5x\">\u2013 S\u00e4rskilt yngre generationer och konsumenter f\u00f6rv\u00e4ntar sig i dag produkter som kombinerar funktion med transparens och ansvar, f\u00f6rklarar Rick Budel, grundare av f\u00f6retaget \u00c9ticos.<\/p>\n<p class=\"hyperion-css-1v9qo5x\">I branschanalyser beskrivs detta som ett paradigmskifte d\u00e4r etik, effektivitet och h\u00e5llbarhet blivit krav. Etiska produkter marknadsf\u00f6rs som b\u00e4ttre val, f\u00f6r kroppen, f\u00f6r klimatet och samvetet. Men vad \u00e4r det egentligen som g\u00f6r att etik blivit en stark drivkraft i konsumtionen?<\/p>\n<p>Hur m\u00e4nniskor ser p\u00e5 ansvar driver produktionen<\/p>\n<p class=\"hyperion-css-1v9qo5x\">Rick Budel menar att det handlar om hur m\u00e4nniskor ser p\u00e5 ansvar. <\/p>\n<p class=\"hyperion-css-1v9qo5x\">\u2013 Om man tittar p\u00e5 tillst\u00e5ndet f\u00f6r den h\u00e4r planeten \u00e4r det sv\u00e5rt att blunda. N\u00e4r man b\u00f6rjar se konsekvenserna av hur vi lever, d\u00e5 blir valen moraliska till slut, inte bara praktiska. Det var den insikten som fick honom att starta \u00c9ticos. F\u00f6r Budel som har sin bas i Stockholm handlar det om att utmana h\u00e5llbarhetsfr\u00e5gan.<\/p>\n<p class=\"hyperion-css-1v9qo5x\">\u2013 I grunden m\u00e5ste man v\u00e5ga fr\u00e5ga sig om det ens g\u00e5r att skapa h\u00e5llbara produkter i ett system som bygger p\u00e5 st\u00e4ndig konsumtion, menar han<\/p>\n<p class=\"hyperion-css-1v9qo5x\">Forskning inom omr\u00e5det \u201dethical consumption\u201d visar att etiska konsumtionsval \u00e4r svaret p\u00e5 ett st\u00f6rre samh\u00e4llsproblem.<\/p>\n<p class=\"hyperion-css-1v9qo5x\">\u2013 Bara i Europa sl\u00e4ngs hundratals miljoner deodoranter varje m\u00e5nad. Det s\u00e4ger n\u00e5got om hur normaliserad slit-och-sl\u00e4ng \u00e4r. Vi pratar mycket om plastfritt, naturligt och gr\u00f6na etiketter. Men etik handlar om vilka konsekvenser framst\u00e4llningen har f\u00f6r klimatet och omgivningen.<\/p>\n<p class=\"hyperion-css-1v9qo5x\">I \u00c9ticos fall har det lett till b\u00e5de refilll\u00f6sningar och patenterad formulering av havssalt, som motverkar lukt.<\/p>\n<p>expand-left<\/p>\n<p>helsk\u00e4rm<img decoding=\"async\" class=\"image-asset hyperion-css-u06ts1\" data-test-tag=\"image-asset\" src=\"https:\/\/www.europesays.com\/se\/wp-content\/uploads\/2025\/12\/c134d089-f0e7-4120-8f8e-6d172815c8db.jpeg\"  alt=\"Sarah Brown, grundare av brittiska m\u00e4rket Pai Skincare  har l\u00e5tit B Corp certifiera sig f\u00f6r att m\u00f6ta h\u00f6ga  etiska tillverkningskrav. \"  loading=\"eager\" fetchpriority=\"high\" style=\"aspect-ratio:1900 \/ 2533\"\/>Sarah Brown, grundare av brittiska m\u00e4rket Pai Skincare  har l\u00e5tit B Corp certifiera sig f\u00f6r att m\u00f6ta h\u00f6ga  etiska tillverkningskrav. Foto: Agneta Elmeg\u00e5rd<\/p>\n<p class=\"hyperion-css-1v9qo5x\">Ett annat varum\u00e4rke som tidigt profilerade sig som etiskt st\u00e4llningstagande m\u00e4rke \u00e4r brittiska Pai Skincare som enligt grundaren Sarah Brown har fokus p\u00e5 transparens, naturliga ingredienser och ansvarstagande. <br \/>\u2013 Vi har best\u00e4mt oss f\u00f6r att certifiera oss hos B- Corp, vilket st\u00e4ller krav p\u00e5 socialt och milj\u00f6m\u00e4ssigt ansvarstagande i hela verksamheten. Och vi granskas regelbundet f\u00f6r att uppr\u00e4tth\u00e5lla tuffa krav, ber\u00e4ttar Sarah Brown.<\/p>\n<p class=\"hyperion-css-1v9qo5x\">Budel menar att det \u00f6kade intresset f\u00f6r etiska produkter inte \u00e4r slumpm\u00e4ssigt. <\/p>\n<p class=\"hyperion-css-1v9qo5x\">\u2013 Under l\u00e5ng tid har m\u00e4nniskor b\u00f6rjat fr\u00e5ga sig vad de \u00e4ter. Nu flyttar den fr\u00e5gan \u00f6ver till vad vi anv\u00e4nder varje dag, p\u00e5 kroppen och i vardagen. Fler m\u00e4nniskor \u00e4r beredda att g\u00f6ra etiska val. Det ligger i tiden.<\/p>\n<p>expand-left<\/p>\n<p>helsk\u00e4rm<img decoding=\"async\" class=\"image-asset hyperion-css-u06ts1\" data-test-tag=\"image-asset\" src=\"https:\/\/www.europesays.com\/se\/wp-content\/uploads\/2025\/12\/18cf7e26-ff88-4f4d-bee8-458f0b44cdb8.jpeg\"  alt=\"Inte bara gr\u00f6n, etisk ocks\u00e5. Brittiska Pai Skincare arbetar enligt devisen f\u00e5 men effektiva ingredienser och l\u00e4tta att \u00e5tervinna.\"  loading=\"eager\" fetchpriority=\"high\" style=\"aspect-ratio:1900 \/ 2533\"\/>Inte bara gr\u00f6n, etisk ocks\u00e5. Brittiska Pai Skincare arbetar enligt devisen f\u00e5 men effektiva ingredienser och l\u00e4tta att \u00e5tervinna. Foto: Agneta Elmeg\u00e5rd<\/p>\n","protected":false},"excerpt":{"rendered":"share-arrowDela unsaveSpara expand-left helsk\u00e4rmEkonomen och entrepren\u00f6ren Rick Budel ligger bakom hudv\u00e5rdsm\u00e4rket \u00c9ticos som s\u00e4ger sig s\u00e4tta etik framf\u00f6r&hellip;\n","protected":false},"author":2,"featured_media":119727,"comment_status":"","ping_status":"","sticky":false,"template":"","format":"standard","meta":{"footnotes":""},"categories":[65],"tags":[72,70,71,34,31,33,32,30],"class_list":{"0":"post-119726","1":"post","2":"type-post","3":"status-publish","4":"format-standard","5":"has-post-thumbnail","7":"category-ekonomi","8":"tag-business","9":"tag-economy","10":"tag-ekonomi","11":"tag-se","12":"tag-svenska","13":"tag-sverige","14":"tag-sweden","15":"tag-swedish"},"share_on_mastodon":{"url":"https:\/\/pubeurope.com\/@se\/115802879095730946","error":""},"_links":{"self":[{"href":"https:\/\/www.europesays.com\/se\/wp-json\/wp\/v2\/posts\/119726","targetHints":{"allow":["GET"]}}],"collection":[{"href":"https:\/\/www.europesays.com\/se\/wp-json\/wp\/v2\/posts"}],"about":[{"href":"https:\/\/www.europesays.com\/se\/wp-json\/wp\/v2\/types\/post"}],"author":[{"embeddable":true,"href":"https:\/\/www.europesays.com\/se\/wp-json\/wp\/v2\/users\/2"}],"replies":[{"embeddable":true,"href":"https:\/\/www.europesays.com\/se\/wp-json\/wp\/v2\/comments?post=119726"}],"version-history":[{"count":0,"href":"https:\/\/www.europesays.com\/se\/wp-json\/wp\/v2\/posts\/119726\/revisions"}],"wp:featuredmedia":[{"embeddable":true,"href":"https:\/\/www.europesays.com\/se\/wp-json\/wp\/v2\/media\/119727"}],"wp:attachment":[{"href":"https:\/\/www.europesays.com\/se\/wp-json\/wp\/v2\/media?parent=119726"}],"wp:term":[{"taxonomy":"category","embeddable":true,"href":"https:\/\/www.europesays.com\/se\/wp-json\/wp\/v2\/categories?post=119726"},{"taxonomy":"post_tag","embeddable":true,"href":"https:\/\/www.europesays.com\/se\/wp-json\/wp\/v2\/tags?post=119726"}],"curies":[{"name":"wp","href":"https:\/\/api.w.org\/{rel}","templated":true}]}}