{"id":119728,"date":"2025-12-29T12:34:34","date_gmt":"2025-12-29T12:34:34","guid":{"rendered":"https:\/\/www.europesays.com\/se\/119728\/"},"modified":"2025-12-29T12:34:34","modified_gmt":"2025-12-29T12:34:34","slug":"mellostjarna-ansluten-till-pyramidspelet-vill-locka-queera-man","status":"publish","type":"post","link":"https:\/\/www.europesays.com\/se\/119728\/","title":{"rendered":"Mellostj\u00e4rna ansluten till pyramidspelet \u2013 vill locka queera m\u00e4n"},"content":{"rendered":"<p>Till tonerna av Dolly Partons 9-5 syns en man i kollektivtrafiken. Han filmar sig sj\u00e4lv med en menande blick. P\u00e5 videon som han laddar upp p\u00e5 Instagram st\u00e5r det: \u201dP\u00e5 v\u00e4g till mitt hamsterhjul varje morgon\u201d. N\u00e4sta inl\u00e4gg, ocks\u00e5 det fr\u00e5n tunnelbanan, har texten: \u201dJag hatar inte mitt jobb, jag hatar systemet\u201d. Bakom inl\u00e4ggen st\u00e5r en tidigare politiskt aktiv artist som vid tv\u00e5 tillf\u00e4llen upptr\u00e4tt i Melodifestivalen. I en serie inl\u00e4gg ber\u00e4ttar han hur han nu, efter n\u00e5gra \u00e5r med sinande spelningar, har hittat en utv\u00e4g.\u00a0<\/p>\n<p>Han \u00e4r en av m\u00e5nga svenskar som nyligen har rekryterats av Enagic, en japansk tillverkare av vattenjoniseringsmaskiner, och som skapat en r\u00f6relse med f\u00f6rgreningar \u00f6ver hela v\u00e4rlden. Att g\u00e5 med i uppl\u00e4gget kr\u00e4ver en investering p\u00e5 mellan 80 000 och 180 000 kronor. I och med k\u00f6pet av en minst en vattenmaskin och en prenumeration p\u00e5 gurkmejaprodukter, startar k\u00f6paren \u201den business\u201d med m\u00e5let att f\u00e5 andra att \u201dstarta en business\u201d.<\/p>\n","protected":false},"excerpt":{"rendered":"Till tonerna av Dolly Partons 9-5 syns en man i kollektivtrafiken. Han filmar sig sj\u00e4lv med en menande&hellip;\n","protected":false},"author":2,"featured_media":119729,"comment_status":"","ping_status":"","sticky":false,"template":"","format":"standard","meta":{"footnotes":""},"categories":[14],"tags":[22,23,26,27,17,21,24,25,28,29,15,16,18,34,31,33,32,30,19,20,51,52,53,54],"class_list":{"0":"post-119728","1":"post","2":"type-post","3":"status-publish","4":"format-standard","5":"has-post-thumbnail","7":"category-varlden","8":"tag-breaking-news","9":"tag-breakingnews","10":"tag-featured-news","11":"tag-featurednews","12":"tag-headlines","13":"tag-huvudnyheter","14":"tag-latest-news","15":"tag-latestnews","16":"tag-main-news","17":"tag-mainnews","18":"tag-news","19":"tag-nyheter","20":"tag-rubriker","21":"tag-se","22":"tag-svenska","23":"tag-sverige","24":"tag-sweden","25":"tag-swedish","26":"tag-top-stories","27":"tag-topstories","28":"tag-varlden","29":"tag-world","30":"tag-world-news","31":"tag-worldnews"},"share_on_mastodon":{"url":"https:\/\/pubeurope.com\/@se\/115802883013659854","error":""},"_links":{"self":[{"href":"https:\/\/www.europesays.com\/se\/wp-json\/wp\/v2\/posts\/119728","targetHints":{"allow":["GET"]}}],"collection":[{"href":"https:\/\/www.europesays.com\/se\/wp-json\/wp\/v2\/posts"}],"about":[{"href":"https:\/\/www.europesays.com\/se\/wp-json\/wp\/v2\/types\/post"}],"author":[{"embeddable":true,"href":"https:\/\/www.europesays.com\/se\/wp-json\/wp\/v2\/users\/2"}],"replies":[{"embeddable":true,"href":"https:\/\/www.europesays.com\/se\/wp-json\/wp\/v2\/comments?post=119728"}],"version-history":[{"count":0,"href":"https:\/\/www.europesays.com\/se\/wp-json\/wp\/v2\/posts\/119728\/revisions"}],"wp:featuredmedia":[{"embeddable":true,"href":"https:\/\/www.europesays.com\/se\/wp-json\/wp\/v2\/media\/119729"}],"wp:attachment":[{"href":"https:\/\/www.europesays.com\/se\/wp-json\/wp\/v2\/media?parent=119728"}],"wp:term":[{"taxonomy":"category","embeddable":true,"href":"https:\/\/www.europesays.com\/se\/wp-json\/wp\/v2\/categories?post=119728"},{"taxonomy":"post_tag","embeddable":true,"href":"https:\/\/www.europesays.com\/se\/wp-json\/wp\/v2\/tags?post=119728"}],"curies":[{"name":"wp","href":"https:\/\/api.w.org\/{rel}","templated":true}]}}