{"id":119738,"date":"2025-12-29T12:41:34","date_gmt":"2025-12-29T12:41:34","guid":{"rendered":"https:\/\/www.europesays.com\/se\/119738\/"},"modified":"2025-12-29T12:41:34","modified_gmt":"2025-12-29T12:41:34","slug":"tio-fragor-som-avgor-ekonomin-2026","status":"publish","type":"post","link":"https:\/\/www.europesays.com\/se\/119738\/","title":{"rendered":"Tio fr\u00e5gor som avg\u00f6r ekonomin 2026"},"content":{"rendered":"<p>share-arrowDela<\/p>\n<p>unsaveSpara<\/p>\n<p>expand-left<\/p>\n<p>helsk\u00e4rm<img decoding=\"async\" class=\"image-asset hyperion-css-u06ts1\" data-test-tag=\"image-asset\" src=\"https:\/\/www.europesays.com\/se\/wp-content\/uploads\/2025\/12\/3ffc019f-4f3c-4c2b-921e-52b3aa14b673.jpeg\"  alt=\"\"  loading=\"eager\" fetchpriority=\"high\" style=\"aspect-ratio:1900 \/ 1267\"\/> Foto: Matthias Schrader \/ AP<\/p>\n<p class=\"hyperion-css-1shl3oz\" data-test-tag=\"lead-text\">Ibland h\u00e4nder det mer p\u00e5 ett \u00e5r \u00e4n vad det normalt g\u00f6r p\u00e5 ett decennium. 2025 k\u00e4nns som ett s\u00e5dant \u00e5r.<\/p>\n<p class=\"hyperion-css-1shl3oz\" data-test-tag=\"lead-text\">N\u00e4r vi nu l\u00e4gger det till handlingarna och blickar mot 2026 radar fr\u00e5gorna upp sig b\u00e5de i Sverige och i v\u00e4rlden.<\/p>\n<p class=\"hyperion-css-1shl3oz\" data-test-tag=\"lead-text\">En sticker ut som extra kittlande.<\/p>\n<p><strong>1. Spricker AI-bubblan?<\/strong><\/p>\n<p class=\"hyperion-css-1v9qo5x\">25\u00a0000 miljarder dollar eller 230\u00a0000 miljarder kronor. S\u00e5 mycket \u00e4r det samlade b\u00f6rsv\u00e4rdet f\u00f6r <a aria-label=\"v\u00e4rldens nio st\u00f6rsta\" class=\"default hyperion-css-15jkft9\" href=\"https:\/\/companiesmarketcap.com\/\" rel=\"noopener nofollow noreferrer\" data-test-tag=\"external-link\" target=\"_blank\">v\u00e4rldens nio st\u00f6rsta<\/a> f\u00f6retag, alla p\u00e5 ett eller annat s\u00e4tt kopplade till AI-boomen. Under 2026 m\u00e5ste de enorma investeringarna i datacenter visa tecken p\u00e5 att b\u00f6rja ge avkastning, annars kommer v\u00e4rderingarna av m\u00e5nga AI-bolag att krascha. H\u00e5ll ett s\u00e4rskilt \u00f6ga p\u00e5 ChatGPTS:s skapare OpenAI som beh\u00f6ver f\u00e5 in n\u00e4rmast absurda summor kapital samtidigt som det m\u00f6ter h\u00e5rd konkurrens. Skulle AI-boomen \u00e4nd\u00e5 h\u00e5lla i sig och aktierna forts\u00e4tta stiga kan det bero p\u00e5 att n\u00e4sta punkt \u00e4r p\u00e5 v\u00e4g att intr\u00e4ffa.<\/p>\n<p>expand-left<\/p>\n<p>helsk\u00e4rm<img decoding=\"async\" class=\"image-asset hyperion-css-u06ts1\" data-test-tag=\"image-asset\" src=\"https:\/\/www.europesays.com\/se\/wp-content\/uploads\/2025\/12\/04c243f7-9691-454a-baa8-160c6a9ed348.jpeg\"  alt=\"\"  loading=\"eager\" fetchpriority=\"high\" style=\"aspect-ratio:1900 \/ 1266\"\/> Foto: Kiichiro Sato \/ AP<strong>2. B\u00f6rjar AI ta jobben?<\/strong><\/p>\n<p class=\"hyperion-css-1v9qo5x\">Antingen kraschar AI-bolagen p\u00e5 b\u00f6rsen eller s\u00e5 kraschar AI-bolagen arbetsmarknaden. S\u00e5 skulle dilemmat kring den nya teknologin kunna sammanfattas. Investeringar i AI m\u00e5ste betala sig p\u00e5 ett eller annat s\u00e4tt och det snabbaste s\u00e4ttet \u00e4r att sk\u00e4ra ned p\u00e5 personal. Under 2025 s\u00e5gs <a aria-label=\"redan flera exempel\" class=\"default hyperion-css-15jkft9\" href=\"https:\/\/www.cnbc.com\/2025\/10\/22\/ai-taking-white-collar-jobs-economists-warn-much-more-in-the-tank.html\" rel=\"noopener nofollow noreferrer\" data-test-tag=\"external-link\" target=\"_blank\">redan flera exempel<\/a> p\u00e5 det och 2026 kan bli \u00e5ret d\u00e5 AI \u00f6vertar allt fler uppgifter, n\u00e5got som framf\u00f6rallt sp\u00e5s sl\u00e5 mot unga m\u00e4nniskor i b\u00f6rjan p\u00e5 karri\u00e4ren. Upplagt f\u00f6r d\u00e5lig st\u00e4mning. Men det kan f\u00f6rst\u00e5s g\u00e5 bra ocks\u00e5. Ska vi tro <a aria-label=\"Elon Musk\" class=\"default hyperion-css-15jkft9\" href=\"https:\/\/x.com\/elonmusk\/status\/2001742502332911922\" rel=\"noopener nofollow noreferrer\" data-test-tag=\"external-link\">Elon Musk<\/a>, som under 2025 \u00f6kade sin<a aria-label=\" f\u00f6rm\u00f6genhet t\" class=\"default hyperion-css-15jkft9\" href=\"https:\/\/www.forbes.com\/profile\/elon-musk\/?list=rtb&amp;ctpv=rtb\" rel=\"noopener nofollow noreferrer\" data-test-tag=\"external-link\" target=\"_blank\"> f\u00f6rm\u00f6genhet t<\/a>ill rekordsiffran 6\u00a0800 miljarder kronor (!) kommer AI g\u00f6ra s\u00e5 att alla m\u00e4nniskor blir rika och kan leva i \u00f6verfl\u00f6d. Sk\u00f6nt att veta.<\/p>\n<p><strong>3. Vaknar den svenska konsumenten?<\/strong><\/p>\n<p class=\"hyperion-css-1v9qo5x\">Godmorgon, nu \u00e4r det dags att b\u00f6rja handla! 2025 blev en ganska l\u00e5ng v\u00e4ntan p\u00e5 att svenskarna ska masa sig till aff\u00e4rerna och g\u00f6ra av med mer pengar. V\u00e5r ekonomi \u00e4r beroende av det, om n\u00e5gon beh\u00f6vde p\u00e5minnas. Med s\u00e4nkt r\u00e4nta, l\u00e4gre skatter, halverad matmoms och h\u00f6jt bol\u00e5netak \u00e4r allt f\u00f6rberett f\u00f6r en riktig k\u00f6p- och l\u00e5nefest. Prognosmakare inklusive regeringen har satt f\u00f6rv\u00e4ntningarna h\u00f6gt, nu ska det bara h\u00e4nda i verkligheten ocks\u00e5. Att det kr\u00e4vs extrema stimulanser f\u00f6r att svensk ekonomi ens ska n\u00e5 styrfart borde v\u00e4cka fr\u00e5gor om hur det egentligen st\u00e5r till men den typen av analyser f\u00e5r tydligen v\u00e4nta till efter val<\/p>\n<p>expand-left<\/p>\n<p>helsk\u00e4rm<img decoding=\"async\" class=\"image-asset hyperion-css-u06ts1\" data-test-tag=\"image-asset\" src=\"https:\/\/www.europesays.com\/se\/wp-content\/uploads\/2025\/12\/3928ac0e-ccd2-471b-95bf-ebd993e19f38.jpeg\"  alt=\"2026 ska USA:s H\u00f6gsta Domstol meddela om Trump hade r\u00e4tt att inf\u00f6ra alla tullar.\"  loading=\"eager\" fetchpriority=\"high\" style=\"aspect-ratio:1900 \/ 1267\"\/>2026 ska USA:s H\u00f6gsta Domstol meddela om Trump hade r\u00e4tt att inf\u00f6ra alla tullar. Foto: Aaron Favila \/ AP<strong>4. Vad h\u00e4nder med Trumps tullar?<\/strong><\/p>\n<p class=\"hyperion-css-1v9qo5x\">Inte ens Donald Trumps h\u00e5rdaste kritiker f\u00f6rnekar en sak: han \u00e4r v\u00e4ldigt bra p\u00e5 att skapa drama. Tv-serien The Apprentice \u00e4r hans kanske mest framg\u00e5ngsrika skapelse och 2025 fick hela v\u00e4rlden vara med i serien The Tariffs\u00a0 &#8211; en s\u00e5pa i gr\u00e4nslandet mellan fars och thriller. Alla turer kring tullarna \u00e4r f\u00f6r m\u00e5nga f\u00f6r att rekapitulera men att TACO &#8211; Trump Always Chickens Out blev \u00e5rets popul\u00e4raste f\u00f6rkortning s\u00e4ger en del. 2026 kan inledas med \u00e4nnu mer st\u00f6k. D\u00e5 ska <a data-test-tag=\"internal-link\" href=\"https:\/\/www.aftonbladet.se\/tagg\/usa\" class=\"hyperion-css-15jkft9\" rel=\"nofollow noopener\" target=\"\" aria-label=\"USA\">USA<\/a>:s H\u00f6gsta Domstol meddela om Trump ens hade r\u00e4tt att inf\u00f6ra alla tullar. Hoppsan. <\/p>\n<p><strong>5.<\/strong> <strong>Vad g\u00f6rs \u00e5t arbetsl\u00f6sheten?<\/strong><\/p>\n<p class=\"hyperion-css-1v9qo5x\">Sverige g\u00e5r in 2026 med en arbetsl\u00f6shet p\u00e5 hela 9 procent <a aria-label=\"enligt SCB. \" class=\"default hyperion-css-15jkft9\" href=\"https:\/\/www.scb.se\/hitta-statistik\/statistik-efter-amne\/arbetsmarknad\/utbud-av-arbetskraft\/arbetskraftsundersokningarna-aku\/pong\/statistiknyhet\/arbetskraftsundersokningarna-aku-november-2025\/\" rel=\"noopener noreferrer nofollow\" data-test-tag=\"external-link\" target=\"_blank\">enligt SCB. <\/a>Bortsett fr\u00e5n pandemin f\u00e5r man g\u00e5 tillbaka till finanskrisen 2008-2009 f\u00f6r att hitta lika h\u00f6ga siffror.\u00a0<\/p>\n<p class=\"hyperion-css-1v9qo5x\">Det g\u00e5r att vrida och v\u00e4nda p\u00e5 statistiken p\u00e5 m\u00e5nga olika s\u00e4tt men det g\u00e5r inte att hitta en vinkel ur vilken det ser riktigt bra ut. Mest sl\u00e5ende \u00e4r kanske vad som p\u00e5 statistikspr\u00e5k kallas f\u00f6r det outnyttjade arbetskraftsutbudet, allts\u00e5 m\u00e4nniskor som inte har jobb eller kan och vill jobba mer \u00e4n de g\u00f6r idag. Detta underskott motsvarar hela 588\u00a0000 heltidsjobb. Ett otroligt sl\u00f6seri. Att Sverige har en arbetsl\u00f6shetskris samtidigt som punkt 2 \u00e4r i ant\u00e5gande \u00e4r en smula illavarslande. <\/p>\n<p><strong>6. \u00c4r vi redo f\u00f6r Kinas export-chock?<\/strong><\/p>\n<p class=\"hyperion-css-1v9qo5x\">Den f\u00f6rsta chocken kom i b\u00f6rjan av 2000-talet n\u00e4r <a data-test-tag=\"internal-link\" href=\"https:\/\/www.aftonbladet.se\/tagg\/kina\" class=\"hyperion-css-15jkft9\" rel=\"nofollow noopener\" target=\"\" aria-label=\"Kina\">Kina<\/a> \u00f6versv\u00e4mmade v\u00e4stv\u00e4rlden med billiga och enkla varor. Nu \u00e4r det dags f\u00f6r den andra v\u00e5gen, men den h\u00e4r g\u00e5ngen handlar det om h\u00f6gteknologi, alltifr\u00e5n elbilar till medicinteknik. Det h\u00e4r \u00e4r delvis drivet av att Kinas ekonomi g\u00e5r tr\u00f6gt efter en fastighetsbubbla som spruckit och nu har stor \u00f6verkapacitet i sin industri. F\u00f6r europeiska konsumenter kan den kinesiska invasionen betyda l\u00e4gre priser men den s\u00e4tter ocks\u00e5 stor press p\u00e5 industrin, inte minst biltillverkarna i Tyskland och d\u00e4rmed \u00e4ven p\u00e5 svenska f\u00f6retag.<\/p>\n<p><strong>7.<\/strong> <strong>Vad h\u00e4nder med skuldbergen?<\/strong><\/p>\n<p class=\"hyperion-css-1v9qo5x\">En trend under 2025 var att v\u00e4rldens skulder \u00f6kade snabbt. Oro kring h\u00f6ga statsskulder bidrog till politisk turbulens i b\u00e5de Storbritannien och Frankrike under \u00e5ret och \u00e4ven USA:s galopperande budgetunderskott g\u00f6r finansmarknaden mer och mer nerv\u00f6s. Det h\u00e4r problemet \u00e4r inget nytt, utan kan liknas vid en t\u00e5gkrasch i slow motion men se upp f\u00f6r ov\u00e4ntade r\u00e4nteuppg\u00e5ngar n\u00e4r det ska l\u00e5nas b\u00e5de till f\u00f6rsvarsupprustningar och l\u00e4ckande v\u00e4lf\u00e4rdssystem under 2026.<\/p>\n<p>expand-left<\/p>\n<p>helsk\u00e4rm<img decoding=\"async\" class=\"image-asset hyperion-css-u06ts1\" data-test-tag=\"image-asset\" src=\"https:\/\/www.europesays.com\/se\/wp-content\/uploads\/2025\/12\/a770584f-be7b-42e5-866e-cbb634e388e1.jpeg\"  alt=\"Zelenskyj och Trump. \"  loading=\"eager\" fetchpriority=\"high\" style=\"aspect-ratio:1900 \/ 1267\"\/>Zelenskyj och Trump. Foto: Alex Brandon \/ AP<strong>8. Fred eller nytt krig?<\/strong><\/p>\n<p class=\"hyperion-css-1v9qo5x\">N\u00e5gon slags fredsuppg\u00f6relse i Ukraina skulle f\u00f6rst\u00e5s vara en mycket gl\u00e4djande nyhet, och m\u00e5nga l\u00e4nder i <a data-test-tag=\"internal-link\" href=\"https:\/\/www.aftonbladet.se\/tagg\/europa\" class=\"hyperion-css-15jkft9\" rel=\"nofollow noopener\" target=\"\" aria-label=\"Europa\">Europa<\/a> r\u00e4knar nog ocks\u00e5 med att spela en roll i \u00e5teruppbyggnaden av landet. Samtidigt blir Kinas vapenskrammel runt Taiwan allt mer h\u00f6gljutt. Kinas president Xi Jinping har sagt att landet ska vara redo att invadera \u00f6n \u00e5r\u00a0 2027. En konflikt i Taiwan, d\u00e4r merparten av v\u00e4rldens mikrochip tillverkas, skulle vara mycket d\u00e5liga nyheter f\u00f6r v\u00e4rldsekonomin. Milt uttryckt.<\/p>\n<p><strong>9. Kommer Stegra att \u00f6verleva?<\/strong><\/p>\n<p class=\"hyperion-css-1v9qo5x\">Det tog bara ett halv\u00e5r efter Northvolts konkurs innan marken b\u00f6rjade gunga under ett annat av riskkapitalisten Harald Mix megaprojekt. Stegra beh\u00f6ver f\u00e5 in mer pengar i b\u00f6rjan av 2026 annars riskerar bolaget att kollapsa. \u00c5ret slutade \u00e4nd\u00e5 med en <a aria-label=\"lite glad nyhet\" class=\"default hyperion-css-15jkft9\" href=\"https:\/\/www.affarsvarlden.se\/artikel\/stegra-och-ssab-vinnare-pa-eu-besked-spelar-dem-i-handerna\" rel=\"noopener nofollow noreferrer\" data-test-tag=\"external-link\" target=\"_blank\">lite glad nyhet<\/a>, d\u00e4r EU:s skrotade f\u00f6rbud mot f\u00f6rbr\u00e4nningsmotorer beskrivs som positivt f\u00f6r efterfr\u00e5gan p\u00e5 Stegras produkt \u201dgr\u00f6nt st\u00e5l\u201d. Om de lyckas komma ig\u00e5ng med produktionen f\u00f6rst\u00e5s.<\/p>\n<p><strong>10. Vad \u00e4r pengar?<\/strong><\/p>\n<p class=\"hyperion-css-1v9qo5x\">Denna enkla fr\u00e5ga har s\u00e4llan varit mer aktuell. Orsaken stavas stablecoins, en variant av kryptovalutor men vars v\u00e4rde kopplas till \u201dgamla\u201d pengar som den amerikanska dollarn. Fenomenet tog fart ordentligt under 2025, har omfamnats av Donald Trumps USA och kommer av allt att d\u00f6ma accelerera under 2026. Stablecoins kan p\u00e5 sikt utmana banksystemet men ocks\u00e5 centralbankers och staters makt. Vem ska ha r\u00e4tt att skapa pengar och vem ska f\u00e5 best\u00e4mma vad pengar ska vara? Konsumentbolag som Klarna lanserar egna stablecoins under 2026 och om det visar sig vara smidigare och billigare att anv\u00e4nda \u00e4n traditionella bankpengar kan det g\u00e5 undan. <\/p>\n","protected":false},"excerpt":{"rendered":"share-arrowDela unsaveSpara expand-left helsk\u00e4rm Foto: Matthias Schrader \/ AP Ibland h\u00e4nder det mer p\u00e5 ett \u00e5r \u00e4n vad&hellip;\n","protected":false},"author":2,"featured_media":119739,"comment_status":"","ping_status":"","sticky":false,"template":"","format":"standard","meta":{"footnotes":""},"categories":[65],"tags":[72,70,71,34,31,33,32,30],"class_list":{"0":"post-119738","1":"post","2":"type-post","3":"status-publish","4":"format-standard","5":"has-post-thumbnail","7":"category-ekonomi","8":"tag-business","9":"tag-economy","10":"tag-ekonomi","11":"tag-se","12":"tag-svenska","13":"tag-sverige","14":"tag-sweden","15":"tag-swedish"},"share_on_mastodon":{"url":"https:\/\/pubeurope.com\/@se\/115802910526419643","error":""},"_links":{"self":[{"href":"https:\/\/www.europesays.com\/se\/wp-json\/wp\/v2\/posts\/119738","targetHints":{"allow":["GET"]}}],"collection":[{"href":"https:\/\/www.europesays.com\/se\/wp-json\/wp\/v2\/posts"}],"about":[{"href":"https:\/\/www.europesays.com\/se\/wp-json\/wp\/v2\/types\/post"}],"author":[{"embeddable":true,"href":"https:\/\/www.europesays.com\/se\/wp-json\/wp\/v2\/users\/2"}],"replies":[{"embeddable":true,"href":"https:\/\/www.europesays.com\/se\/wp-json\/wp\/v2\/comments?post=119738"}],"version-history":[{"count":0,"href":"https:\/\/www.europesays.com\/se\/wp-json\/wp\/v2\/posts\/119738\/revisions"}],"wp:featuredmedia":[{"embeddable":true,"href":"https:\/\/www.europesays.com\/se\/wp-json\/wp\/v2\/media\/119739"}],"wp:attachment":[{"href":"https:\/\/www.europesays.com\/se\/wp-json\/wp\/v2\/media?parent=119738"}],"wp:term":[{"taxonomy":"category","embeddable":true,"href":"https:\/\/www.europesays.com\/se\/wp-json\/wp\/v2\/categories?post=119738"},{"taxonomy":"post_tag","embeddable":true,"href":"https:\/\/www.europesays.com\/se\/wp-json\/wp\/v2\/tags?post=119738"}],"curies":[{"name":"wp","href":"https:\/\/api.w.org\/{rel}","templated":true}]}}