{"id":119740,"date":"2025-12-29T12:43:12","date_gmt":"2025-12-29T12:43:12","guid":{"rendered":"https:\/\/www.europesays.com\/se\/119740\/"},"modified":"2025-12-29T12:43:12","modified_gmt":"2025-12-29T12:43:12","slug":"vi-har-dodat-438-is-man-och-tagit-300-starlinkmottagare","status":"publish","type":"post","link":"https:\/\/www.europesays.com\/se\/119740\/","title":{"rendered":"Vi har d\u00f6dat 438 IS-m\u00e4n och tagit 300 Starlinkmottagare"},"content":{"rendered":"<p>Efter USA:s bomber mot IS-f\u00e4sten i Nigeria redovisar arm\u00e9n sitt eget arbete mot terrorismen i landet. Under de senaste sju m\u00e5naderna har milit\u00e4ren d\u00f6dat 438 terrorister fr\u00e5n islamistiska Boko Haram och IS-kopplade ISWAP, uppger generalmajor Abdulsalam Abubakar f\u00f6r nigerianska Daily Post. <\/p>\n<p>Man ska ocks\u00e5 ha beslagtagit 300 Starlinkmottagare som ger internetuppkoppling via satellit och 254 vapen, samt fritagit 366 tillf\u00e5ngatagna civila. 881 IS-krigare ska ha gett upp och \u00f6verl\u00e4mnat sig. <\/p>\n<p>\u2013 Vi kan inte l\u00e4ngre tolerera deras \u00f6vergrepp mot det nigerianska folket, s\u00e4ger arm\u00e9chefen Waidi Shaibu vid ett bes\u00f6k vid fronten i Sokoto till nigerianska The Guardian. <\/p>\n<p>Han uppmanar soldaterna att forts\u00e4tta \u201dskicka terroristerna till sin skapare\u201d. <\/p>\n<p>Omni \u00e4r politiskt obundna och oberoende. Vi str\u00e4var efter att ge fler perspektiv p\u00e5 nyheterna. Har du fr\u00e5gor eller synpunkter kring v\u00e5r rapportering? <a href=\"https:\/\/omni.se\/nigerias-arme-vi-har-dodat-438-is-man-och-tagit-300-starlinkmottagare\/a\/mailto:redaktion@omni.se\" class=\"ArticleActions_contactLink__W2F1M\" rel=\"nofollow noopener\" target=\"_blank\">Kontakta redaktionen<\/a><\/p>\n","protected":false},"excerpt":{"rendered":"Efter USA:s bomber mot IS-f\u00e4sten i Nigeria redovisar arm\u00e9n sitt eget arbete mot terrorismen i landet. Under de&hellip;\n","protected":false},"author":2,"featured_media":119741,"comment_status":"","ping_status":"","sticky":false,"template":"","format":"standard","meta":{"footnotes":""},"categories":[14],"tags":[1482,12776,22,23,26,27,17,21,24,25,28,29,15,6474,268,16,18,34,31,33,32,30,19,20,74,51,52,53,54],"class_list":{"0":"post-119740","1":"post","2":"type-post","3":"status-publish","4":"format-standard","5":"has-post-thumbnail","7":"category-varlden","8":"tag-afrika","9":"tag-boko-haram","10":"tag-breaking-news","11":"tag-breakingnews","12":"tag-featured-news","13":"tag-featurednews","14":"tag-headlines","15":"tag-huvudnyheter","16":"tag-latest-news","17":"tag-latestnews","18":"tag-main-news","19":"tag-mainnews","20":"tag-news","21":"tag-nigeria","22":"tag-nordamerika","23":"tag-nyheter","24":"tag-rubriker","25":"tag-se","26":"tag-svenska","27":"tag-sverige","28":"tag-sweden","29":"tag-swedish","30":"tag-top-stories","31":"tag-topstories","32":"tag-usa","33":"tag-varlden","34":"tag-world","35":"tag-world-news","36":"tag-worldnews"},"share_on_mastodon":{"url":"https:\/\/pubeurope.com\/@se\/115802918355386353","error":""},"_links":{"self":[{"href":"https:\/\/www.europesays.com\/se\/wp-json\/wp\/v2\/posts\/119740","targetHints":{"allow":["GET"]}}],"collection":[{"href":"https:\/\/www.europesays.com\/se\/wp-json\/wp\/v2\/posts"}],"about":[{"href":"https:\/\/www.europesays.com\/se\/wp-json\/wp\/v2\/types\/post"}],"author":[{"embeddable":true,"href":"https:\/\/www.europesays.com\/se\/wp-json\/wp\/v2\/users\/2"}],"replies":[{"embeddable":true,"href":"https:\/\/www.europesays.com\/se\/wp-json\/wp\/v2\/comments?post=119740"}],"version-history":[{"count":0,"href":"https:\/\/www.europesays.com\/se\/wp-json\/wp\/v2\/posts\/119740\/revisions"}],"wp:featuredmedia":[{"embeddable":true,"href":"https:\/\/www.europesays.com\/se\/wp-json\/wp\/v2\/media\/119741"}],"wp:attachment":[{"href":"https:\/\/www.europesays.com\/se\/wp-json\/wp\/v2\/media?parent=119740"}],"wp:term":[{"taxonomy":"category","embeddable":true,"href":"https:\/\/www.europesays.com\/se\/wp-json\/wp\/v2\/categories?post=119740"},{"taxonomy":"post_tag","embeddable":true,"href":"https:\/\/www.europesays.com\/se\/wp-json\/wp\/v2\/tags?post=119740"}],"curies":[{"name":"wp","href":"https:\/\/api.w.org\/{rel}","templated":true}]}}