{"id":119742,"date":"2025-12-29T12:44:07","date_gmt":"2025-12-29T12:44:07","guid":{"rendered":"https:\/\/www.europesays.com\/se\/119742\/"},"modified":"2025-12-29T12:44:07","modified_gmt":"2025-12-29T12:44:07","slug":"efter-mordet-i-boden-locket-pa-om-misstankt-vasterbottens-kuriren","status":"publish","type":"post","link":"https:\/\/www.europesays.com\/se\/119742\/","title":{"rendered":"Efter mordet i Boden \u2013 locket p\u00e5 om misst\u00e4nkt &#8211; V\u00e4sterbottens-Kuriren"},"content":{"rendered":"<ol>\n<li><a href=\"https:\/\/news.google.com\/rss\/articles\/CBMihAFBVV95cUxNVkxWS3JfbjhoNkR1R3pPYVlmTDMwNkhVT1J6TWhwbnJGLVZFLVpkcGpMS2lZbUFjVDM0WlVZTEM1bFljWkFEZjY2Y0hRaTk5ZGVvanVvNk1UTTFlV2paVDNXbDZLQkRydmVqdVVIdWhCSC13WkViN2lTUzZwb29NeGhlN0o?oc=5\" target=\"_blank\" rel=\"nofollow noopener\">Efter mordet i Boden \u2013 locket p\u00e5 om misst\u00e4nkt<\/a>&nbsp;&nbsp;V\u00e4sterbottens-Kuriren<\/li>\n<li><a href=\"https:\/\/news.google.com\/rss\/articles\/CBMirAFBVV95cUxOdTVBNm1YcTlWYkp2OUVxS3BsbDZlZEFSTEpnTGVpa0g5VWV2dVNRWndRbkF4b0tEZjRIdG1vbi1TMWczTlNWajdual9jaTkzN2hLb3VLOThsTDJ3LWQ5Z2Y1RHJrbHlrQ0xqamNBOC14eU1wd2xtWVFnMkdtOFA4X0FMclJnM3VwT1F3b21hb244eGhTQ2c0SlVmLVBzNWFiaWQtaHMzeERSNVU0?oc=5\" target=\"_blank\" rel=\"nofollow noopener\">Dottern i Boden h\u00f6lls gisslan i timmar \u2013 mamman dog efter omfattande v\u00e5ld<\/a>&nbsp;&nbsp;SVT Nyheter<\/li>\n<li><a href=\"https:\/\/news.google.com\/rss\/articles\/CBMimwFBVV95cUxQQVR2TGp0RmVFVjJjMFR6bWd5SEJBVzBBYWdkQWxiQzNyVFFreTdBX05FTXAtSktOcVZkVV95U0ZQSkJSZ3J3MGdPOW5XSGdQdFhvRmg2ZEZIRlBTbndHOUlONTU3eWxSNWJuelZFYnV6MnV3Sm9HdmtNcTAwNzJlSjBEc0ttUEo3NUtaTFFOMHhZTzVYSHF3VVJTMA?oc=5\" target=\"_blank\" rel=\"nofollow noopener\">Misst\u00e4nkte m\u00f6rdaren i Boden ringde p\u00e5 d\u00f6rren<\/a>&nbsp;&nbsp;Aftonbladet<\/li>\n<li><a href=\"https:\/\/news.google.com\/rss\/articles\/CBMiogFBVV95cUxPUFlSeW9jb1lYVTl3TEVaWHNnQTRQTDVVWG9tZnF2NlFSazlXc0xrVHd3ampYYmVkRzV0M3JaUHhKdjF1MWwzX3R3c1Nnd29Wb2l5TFFiOEpIMlhETFhsM0xKZm1oa19NbjJPZExrVmltSnJucVZXdXNvYkJ5VGh1SVdybkxpUWpOU1ZNZmVEYkdBSHZMSUMwdy1aQXhsTDlrQ1E?oc=5\" target=\"_blank\" rel=\"nofollow noopener\">Regionens f\u00f6rsta ord efter mordet i Boden \u2013 f\u00f6rklarar tystnaden<\/a>&nbsp;&nbsp;Kuriren<\/li>\n<li><a href=\"https:\/\/news.google.com\/rss\/articles\/CBMimAFBVV95cUxQV1BSMzVGbUNSY3dpaGQ1LWJkeHdJN2Nza09nYmMzNE9aWEdiM2x6eXc5S0FDOEtHYjVGSjdiRU5JeVVaSWI2MlN3QUY4VTVSeVhXbGo4Y2pOaDdIQ2xGQnh0TU5MbjFYWVowbHhpWEVMUEtLT0xDZjd5Y00wU0xHeS0zLU9hZ1BkWUFibnNrSVl2RHhXSVF5Zw?oc=5\" target=\"_blank\" rel=\"nofollow noopener\">Misst\u00e4nkte m\u00f6rdaren knackade p\u00e5 och d\u00f6dade kvinnan<\/a>&nbsp;&nbsp;NSD<\/li>\n<\/ol>\n","protected":false},"excerpt":{"rendered":"Efter mordet i Boden \u2013 locket p\u00e5 om misst\u00e4nkt&nbsp;&nbsp;V\u00e4sterbottens-Kuriren Dottern i Boden h\u00f6lls gisslan i timmar \u2013 mamman&hellip;\n","protected":false},"author":2,"featured_media":119743,"comment_status":"","ping_status":"","sticky":false,"template":"","format":"standard","meta":{"footnotes":""},"categories":[12],"tags":[22,23,26,27,17,21,24,25,28,29,15,16,18,34,31,33,32,30,19,20],"class_list":{"0":"post-119742","1":"post","2":"type-post","3":"status-publish","4":"format-standard","5":"has-post-thumbnail","7":"category-sverige","8":"tag-breaking-news","9":"tag-breakingnews","10":"tag-featured-news","11":"tag-featurednews","12":"tag-headlines","13":"tag-huvudnyheter","14":"tag-latest-news","15":"tag-latestnews","16":"tag-main-news","17":"tag-mainnews","18":"tag-news","19":"tag-nyheter","20":"tag-rubriker","21":"tag-se","22":"tag-svenska","23":"tag-sverige","24":"tag-sweden","25":"tag-swedish","26":"tag-top-stories","27":"tag-topstories"},"share_on_mastodon":{"url":"https:\/\/pubeurope.com\/@se\/115802922268267095","error":""},"_links":{"self":[{"href":"https:\/\/www.europesays.com\/se\/wp-json\/wp\/v2\/posts\/119742","targetHints":{"allow":["GET"]}}],"collection":[{"href":"https:\/\/www.europesays.com\/se\/wp-json\/wp\/v2\/posts"}],"about":[{"href":"https:\/\/www.europesays.com\/se\/wp-json\/wp\/v2\/types\/post"}],"author":[{"embeddable":true,"href":"https:\/\/www.europesays.com\/se\/wp-json\/wp\/v2\/users\/2"}],"replies":[{"embeddable":true,"href":"https:\/\/www.europesays.com\/se\/wp-json\/wp\/v2\/comments?post=119742"}],"version-history":[{"count":0,"href":"https:\/\/www.europesays.com\/se\/wp-json\/wp\/v2\/posts\/119742\/revisions"}],"wp:featuredmedia":[{"embeddable":true,"href":"https:\/\/www.europesays.com\/se\/wp-json\/wp\/v2\/media\/119743"}],"wp:attachment":[{"href":"https:\/\/www.europesays.com\/se\/wp-json\/wp\/v2\/media?parent=119742"}],"wp:term":[{"taxonomy":"category","embeddable":true,"href":"https:\/\/www.europesays.com\/se\/wp-json\/wp\/v2\/categories?post=119742"},{"taxonomy":"post_tag","embeddable":true,"href":"https:\/\/www.europesays.com\/se\/wp-json\/wp\/v2\/tags?post=119742"}],"curies":[{"name":"wp","href":"https:\/\/api.w.org\/{rel}","templated":true}]}}