{"id":119766,"date":"2025-12-29T13:02:32","date_gmt":"2025-12-29T13:02:32","guid":{"rendered":"https:\/\/www.europesays.com\/se\/119766\/"},"modified":"2025-12-29T13:02:32","modified_gmt":"2025-12-29T13:02:32","slug":"lamna-din-julgran-for-atervinning","status":"publish","type":"post","link":"https:\/\/www.europesays.com\/se\/119766\/","title":{"rendered":"L\u00e4mna din julgran f\u00f6r \u00e5tervinning"},"content":{"rendered":"<p class=\"font-normal\">Julgransinsamlingen startar den 30 december 2025 och p\u00e5g\u00e5r vid flera tillf\u00e4llen fram till 13 januari 2026. Vid varje tillf\u00e4lle finns flera stopp i olika stadsdelar d\u00e4r du kan l\u00e4mna din gran till personalen p\u00e5 plats.<\/p>\n<p class=\"font-normal\">Du kan se hela schemat och vilka upph\u00e4mtningsplatserna \u00e4r p\u00e5 Savab:s webbplats. D\u00e4r kan du ocks\u00e5 anm\u00e4la dig till att f\u00e5 ett p\u00e5minnelse-SMS n\u00e4r det \u00e4r din tur att f\u00e5 granen h\u00e4mtad.<\/p>\n<p class=\"font-normal\"><a href=\"https:\/\/www.savab.se\/lagenhet\/avfall\/julgranar-lagenhet\/\" rel=\"external nofollow noopener\" target=\"_blank\">H\u00e4mtningsschema f\u00f6r julgranar \u2013 savab.se<\/a><\/p>\n","protected":false},"excerpt":{"rendered":"Julgransinsamlingen startar den 30 december 2025 och p\u00e5g\u00e5r vid flera tillf\u00e4llen fram till 13 januari 2026. Vid varje&hellip;\n","protected":false},"author":2,"featured_media":119767,"comment_status":"","ping_status":"","sticky":false,"template":"","format":"standard","meta":{"footnotes":""},"categories":[12],"tags":[22,23,26,27,17,21,24,25,28,29,15,16,18,34,31,33,32,30,19,20],"class_list":{"0":"post-119766","1":"post","2":"type-post","3":"status-publish","4":"format-standard","5":"has-post-thumbnail","7":"category-sverige","8":"tag-breaking-news","9":"tag-breakingnews","10":"tag-featured-news","11":"tag-featurednews","12":"tag-headlines","13":"tag-huvudnyheter","14":"tag-latest-news","15":"tag-latestnews","16":"tag-main-news","17":"tag-mainnews","18":"tag-news","19":"tag-nyheter","20":"tag-rubriker","21":"tag-se","22":"tag-svenska","23":"tag-sverige","24":"tag-sweden","25":"tag-swedish","26":"tag-top-stories","27":"tag-topstories"},"share_on_mastodon":{"url":"https:\/\/pubeurope.com\/@se\/115802993145608145","error":""},"_links":{"self":[{"href":"https:\/\/www.europesays.com\/se\/wp-json\/wp\/v2\/posts\/119766","targetHints":{"allow":["GET"]}}],"collection":[{"href":"https:\/\/www.europesays.com\/se\/wp-json\/wp\/v2\/posts"}],"about":[{"href":"https:\/\/www.europesays.com\/se\/wp-json\/wp\/v2\/types\/post"}],"author":[{"embeddable":true,"href":"https:\/\/www.europesays.com\/se\/wp-json\/wp\/v2\/users\/2"}],"replies":[{"embeddable":true,"href":"https:\/\/www.europesays.com\/se\/wp-json\/wp\/v2\/comments?post=119766"}],"version-history":[{"count":0,"href":"https:\/\/www.europesays.com\/se\/wp-json\/wp\/v2\/posts\/119766\/revisions"}],"wp:featuredmedia":[{"embeddable":true,"href":"https:\/\/www.europesays.com\/se\/wp-json\/wp\/v2\/media\/119767"}],"wp:attachment":[{"href":"https:\/\/www.europesays.com\/se\/wp-json\/wp\/v2\/media?parent=119766"}],"wp:term":[{"taxonomy":"category","embeddable":true,"href":"https:\/\/www.europesays.com\/se\/wp-json\/wp\/v2\/categories?post=119766"},{"taxonomy":"post_tag","embeddable":true,"href":"https:\/\/www.europesays.com\/se\/wp-json\/wp\/v2\/tags?post=119766"}],"curies":[{"name":"wp","href":"https:\/\/api.w.org\/{rel}","templated":true}]}}