{"id":119768,"date":"2025-12-29T13:03:09","date_gmt":"2025-12-29T13:03:09","guid":{"rendered":"https:\/\/www.europesays.com\/se\/119768\/"},"modified":"2025-12-29T13:03:09","modified_gmt":"2025-12-29T13:03:09","slug":"gangbrottsling-fran-blekinge-haktad-efter-malmo-mord","status":"publish","type":"post","link":"https:\/\/www.europesays.com\/se\/119768\/","title":{"rendered":"G\u00e4ngbrottsling fr\u00e5n Blekinge h\u00e4ktad efter Malm\u00f6-mord"},"content":{"rendered":"<p>Mannen, som i dag \u00e4r skriven i Kristianstad, greps dagen f\u00f6re julafton och har nu h\u00e4ktats sk\u00e4ligen misst\u00e4nkt f\u00f6r delaktighet i mordet i Oxie.<\/p>\n<p>Det var den 12 december som en 21-\u00e5rig man sk\u00f6ts till d\u00f6ds i en bil i stadsdelen Oxie i Malm\u00f6. Sj\u00e4lva skjutningen misst\u00e4nks ha utf\u00f6rts av en tolv\u00e5rig pojke.<\/p>\n<p>20-\u00e5ringen som nu h\u00e4ktats har ett tungt kriminellt f\u00f6rflutet. Bland annat greps han tillsammans med flera andra vid en polisrazzia i Sundsvall 2023, d\u00e5 de enligt polis och \u00e5klagare var <a href=\"https:\/\/www.svt.se\/nyheter\/lokalt\/vasternorrland\/tejpade-handleder-och-fotleder-innan-planerade-skjutningen-i-sundsvall\" rel=\"nofollow noopener\" target=\"_blank\">p\u00e5 v\u00e4g att utf\u00f6ra en skjutning<\/a> mot en g\u00e4ngrival. <\/p>\n<p>20-\u00e5ringen d\u00f6mdes d\u00e5 f\u00f6r grovt vapenbrott till ungdomsv\u00e5rd. Han har senare d\u00f6mts f\u00f6r <a href=\"https:\/\/www.svt.se\/nyheter\/lokalt\/vasternorrland\/det-stora-polistillslaget-domd-ung-man-haktad-igen-ska-ha-forsokt-utpressa-sundsvallsbo\" rel=\"nofollow noopener\" target=\"_blank\">utpressningsf\u00f6rs\u00f6k<\/a>, olaga hot och flera narkotikabrott.<\/p>\n<p>Sedan tidigare sitter \u00e4ven tv\u00e5 kvinnor i <a href=\"https:\/\/www.svt.se\/nyheter\/lokalt\/blekinge\/kvinna-misstankes-for-grovt-vapenbrott-nu-haktad-for-medhjalp-i-mordet-i-oxie\" rel=\"nofollow noopener\" target=\"_blank\">25-\u00e5rs\u00e5ldern fr\u00e5n Karlskrona<\/a> h\u00e4ktade i \u00e4rendet, och i dag beg\u00e4rdes ytterligare en man fr\u00e5n Kristianstad h\u00e4ktad.<\/p>\n","protected":false},"excerpt":{"rendered":"Mannen, som i dag \u00e4r skriven i Kristianstad, greps dagen f\u00f6re julafton och har nu h\u00e4ktats sk\u00e4ligen misst\u00e4nkt&hellip;\n","protected":false},"author":2,"featured_media":119769,"comment_status":"","ping_status":"","sticky":false,"template":"","format":"standard","meta":{"footnotes":""},"categories":[5],"tags":[22,23,26,27,17,21,24,25,28,29,15,16,18,34,31,33,32,30,19,20],"class_list":{"0":"post-119768","1":"post","2":"type-post","3":"status-publish","4":"format-standard","5":"has-post-thumbnail","7":"category-rubriker","8":"tag-breaking-news","9":"tag-breakingnews","10":"tag-featured-news","11":"tag-featurednews","12":"tag-headlines","13":"tag-huvudnyheter","14":"tag-latest-news","15":"tag-latestnews","16":"tag-main-news","17":"tag-mainnews","18":"tag-news","19":"tag-nyheter","20":"tag-rubriker","21":"tag-se","22":"tag-svenska","23":"tag-sverige","24":"tag-sweden","25":"tag-swedish","26":"tag-top-stories","27":"tag-topstories"},"share_on_mastodon":{"url":"https:\/\/pubeurope.com\/@se\/115802996922502370","error":""},"_links":{"self":[{"href":"https:\/\/www.europesays.com\/se\/wp-json\/wp\/v2\/posts\/119768","targetHints":{"allow":["GET"]}}],"collection":[{"href":"https:\/\/www.europesays.com\/se\/wp-json\/wp\/v2\/posts"}],"about":[{"href":"https:\/\/www.europesays.com\/se\/wp-json\/wp\/v2\/types\/post"}],"author":[{"embeddable":true,"href":"https:\/\/www.europesays.com\/se\/wp-json\/wp\/v2\/users\/2"}],"replies":[{"embeddable":true,"href":"https:\/\/www.europesays.com\/se\/wp-json\/wp\/v2\/comments?post=119768"}],"version-history":[{"count":0,"href":"https:\/\/www.europesays.com\/se\/wp-json\/wp\/v2\/posts\/119768\/revisions"}],"wp:featuredmedia":[{"embeddable":true,"href":"https:\/\/www.europesays.com\/se\/wp-json\/wp\/v2\/media\/119769"}],"wp:attachment":[{"href":"https:\/\/www.europesays.com\/se\/wp-json\/wp\/v2\/media?parent=119768"}],"wp:term":[{"taxonomy":"category","embeddable":true,"href":"https:\/\/www.europesays.com\/se\/wp-json\/wp\/v2\/categories?post=119768"},{"taxonomy":"post_tag","embeddable":true,"href":"https:\/\/www.europesays.com\/se\/wp-json\/wp\/v2\/tags?post=119768"}],"curies":[{"name":"wp","href":"https:\/\/api.w.org\/{rel}","templated":true}]}}