{"id":119781,"date":"2025-12-29T13:15:45","date_gmt":"2025-12-29T13:15:45","guid":{"rendered":"https:\/\/www.europesays.com\/se\/119781\/"},"modified":"2025-12-29T13:15:45","modified_gmt":"2025-12-29T13:15:45","slug":"kate-winslets-forkrossande-tragedi-nar-titanic-slapptes","status":"publish","type":"post","link":"https:\/\/www.europesays.com\/se\/119781\/","title":{"rendered":"Kate Winslets f\u00f6rkrossande tragedi \u2013 n\u00e4r Titanic sl\u00e4pptes"},"content":{"rendered":"<p>Publicerad 28 dec 2025 kl 14.00Uppdaterad kl 14.40<\/p>\n<p>Hon var bara 15 \u00e5r n\u00e4r hon blev k\u00e4r i en betydligt \u00e4ldre man.<\/p>\n<p>Fem \u00e5r senare dog han \u2013 samma vecka som \u201dTitanic\u201d hade premi\u00e4r.\u00a0<\/p>\n<p>Sorgen har aldrig l\u00e4mnat Kate Winslet.<\/p>\n<p>Senaste klippen fr\u00e5n Expressen inom n\u00f6je.<img   alt=\"\"\/><\/p>\n<p>Stephen Tredre (mitten) dog samma vecka som \u201dTitanic\u201d hade premi\u00e4r.<\/p>\n<p>\u00d6ppna bild i helsk\u00e4rm<img loading=\"lazy\"   alt=\"\"\/><\/p>\n<p>Kate Winslet med Leonardo DiCaprio i en av filmhistoriens mest ikoniska k\u00e4rleksscener i \u201dTitanic\u201d.<\/p>\n<p>Foto: AP \/ AP TT NYHETSBYR\u00c5N<\/p>\n<p>\u00d6ppna bild i helsk\u00e4rm<img loading=\"lazy\"   alt=\"\"\/><\/p>\n<p>Kate Winslet har fortfarande inte kommit \u00f6ver sin f\u00f6rsta k\u00e4rleks d\u00f6d.<\/p>\n<p>Foto: MICHAEL SHERER \/ POLARIS POLARIS IMAGES<\/p>\n<p>\u00d6ppna bild i helsk\u00e4rm<\/p>\n<p>Den brittiska sk\u00e5despelaren <a href=\"https:\/\/www.expressen.se\/tagg\/person\/kate-winslet\/\" class=\"\" rel=\"nofollow noopener\" target=\"_blank\">Kate Winslet<\/a>, 50, \u00e4r f\u00f6rknippad med en av filmhistoriens k\u00e4ndaste k\u00e4rlekshistoria. Men bakom succ\u00e9n med \u201dTitanic\u201d dolde sig en privat tragedi.<\/p>\n<p>Hennes f\u00f6rsta stora k\u00e4rlek, sk\u00e5despelaren och manusf\u00f6rfattaren Stephen Tredre, gick bort i cancer \u2013 en f\u00f6rlust som fortfarande <a href=\"https:\/\/www.dailymail.co.uk\/tvshowbiz\/article-15374677\/The-teenage-grief-haunts-Kate-Winslet-Inside-list-actress-doomed-relationship-27-year-old-writer-just-15-love-hope-will.html\" rel=\"nofollow noopener\" target=\"_blank\">pr\u00e4glar henne<\/a>.<\/p>\n<p>Kate Winslet var 15 \u00e5r gammal n\u00e4r hon m\u00f6tte Tredre under inspelningen av BBC-serien \u201dDark Season\u201d 1991. Han var d\u00e5 27. Relationen blev snabbt intensiv och han kom att bli hennes f\u00f6rsta stora k\u00e4rlek.<\/p>\n<p>Winslet har senare beskrivit honom som \u201dden andra halvan av min sj\u00e4l\u201d.<\/p>\n<p>Dog n\u00e4r han var 34 \u00e5r<\/p>\n<p>F\u00f6rh\u00e5llandet varade i omkring fyra och ett halvt \u00e5r och de bodde periodvis tillsammans. Samtidigt k\u00e4mpade Kate med mobbning och l\u00e5g sj\u00e4lvk\u00e4nsla. Hon har ber\u00e4ttat hur hon kallades \u201dfetto\u201d i skolan och k\u00e4nde sig fel p\u00e5 alla s\u00e4tt. I Stephen fann hon trygghet, styrka och bekr\u00e4ftelse under en s\u00e5rbar tid i livet.<\/p>\n<p>N\u00e4r Stephen diagnostiserades med cancer 1994 f\u00f6r\u00e4ndrades allt. Paret gick senare skilda v\u00e4gar, men de fortsatte att ha daglig kontakt medan hans h\u00e4lsa f\u00f6rs\u00e4mrades. Samtidigt tog Kate Winslets karri\u00e4r fart med filmer som \u201dSvarta \u00e4nglar\u201d och \u201dF\u00f6rnuft och k\u00e4nsla\u201d.<\/p>\n<p>I december 1997 dog Stephen Tredre, bara 34 \u00e5r gammal. Det skedde samma vecka som \u201dTitanic\u201d hade premi\u00e4r i USA. Winslet valde att utebli fr\u00e5n galapremi\u00e4ren f\u00f6r att n\u00e4rvara vid hans begravning \u2013 trots att hon varnades f\u00f6r att det kunde skada hennes karri\u00e4r.<\/p>\n<p>\u2013 Jag kommer aldrig \u00f6ver det. Jag \u00e4lskar honom fortfarande, och jag hoppas att jag alltid kommer att g\u00f6ra det, <a href=\"https:\/\/www.dailymail.co.uk\/tvshowbiz\/article-15374677\/The-teenage-grief-haunts-Kate-Winslet-Inside-list-actress-doomed-relationship-27-year-old-writer-just-15-love-hope-will.html\" rel=\"nofollow noopener\" target=\"_blank\">har hon<\/a> senare sagt.<\/p>\n<p>En livsl\u00e5ng sorg<\/p>\n<p>Genom \u00e5ren har Winslet \u00f6ppet ber\u00e4ttat om sorgen och skuldk\u00e4nslorna efter hans d\u00f6d. Hon menar att man inte \u201dkommer \u00f6ver\u201d en s\u00e5dan f\u00f6rlust, utan l\u00e4r sig leva med den. \u00c4n i dag beskriver hon relationen som en av de st\u00f6rsta k\u00e4rlekarna i hennes liv.<\/p>\n<p>F\u00f6r Kate Winslet blev genombrottet inte bara starten p\u00e5 global ber\u00f6mmelse \u2013 utan ocks\u00e5 b\u00f6rjan p\u00e5 en livsl\u00e5ng sorg som fortsatt att forma henne b\u00e5de som m\u00e4nniska och som konstn\u00e4r.<\/p>\n","protected":false},"excerpt":{"rendered":"Publicerad 28 dec 2025 kl 14.00Uppdaterad kl 14.40 Hon var bara 15 \u00e5r n\u00e4r hon blev k\u00e4r i&hellip;\n","protected":false},"author":2,"featured_media":119782,"comment_status":"","ping_status":"","sticky":false,"template":"","format":"standard","meta":{"footnotes":""},"categories":[67],"tags":[104,12778,12777,34,31,33,32,30,427,310,547,109,105],"class_list":{"0":"post-119781","1":"post","2":"type-post","3":"status-publish","4":"format-standard","5":"has-post-thumbnail","7":"category-underhallning","8":"tag-entertainment","9":"tag-organization-titanic","10":"tag-person-kate-winslet","11":"tag-se","12":"tag-svenska","13":"tag-sverige","14":"tag-sweden","15":"tag-swedish","16":"tag-topic-dodsfall","17":"tag-topic-kandisar","18":"tag-topic-karlek-relationer","19":"tag-topic-skadespelare","20":"tag-underhallning"},"share_on_mastodon":{"url":"https:\/\/pubeurope.com\/@se\/115803044113182907","error":""},"_links":{"self":[{"href":"https:\/\/www.europesays.com\/se\/wp-json\/wp\/v2\/posts\/119781","targetHints":{"allow":["GET"]}}],"collection":[{"href":"https:\/\/www.europesays.com\/se\/wp-json\/wp\/v2\/posts"}],"about":[{"href":"https:\/\/www.europesays.com\/se\/wp-json\/wp\/v2\/types\/post"}],"author":[{"embeddable":true,"href":"https:\/\/www.europesays.com\/se\/wp-json\/wp\/v2\/users\/2"}],"replies":[{"embeddable":true,"href":"https:\/\/www.europesays.com\/se\/wp-json\/wp\/v2\/comments?post=119781"}],"version-history":[{"count":0,"href":"https:\/\/www.europesays.com\/se\/wp-json\/wp\/v2\/posts\/119781\/revisions"}],"wp:featuredmedia":[{"embeddable":true,"href":"https:\/\/www.europesays.com\/se\/wp-json\/wp\/v2\/media\/119782"}],"wp:attachment":[{"href":"https:\/\/www.europesays.com\/se\/wp-json\/wp\/v2\/media?parent=119781"}],"wp:term":[{"taxonomy":"category","embeddable":true,"href":"https:\/\/www.europesays.com\/se\/wp-json\/wp\/v2\/categories?post=119781"},{"taxonomy":"post_tag","embeddable":true,"href":"https:\/\/www.europesays.com\/se\/wp-json\/wp\/v2\/tags?post=119781"}],"curies":[{"name":"wp","href":"https:\/\/api.w.org\/{rel}","templated":true}]}}