{"id":119793,"date":"2025-12-29T13:25:41","date_gmt":"2025-12-29T13:25:41","guid":{"rendered":"https:\/\/www.europesays.com\/se\/119793\/"},"modified":"2025-12-29T13:25:41","modified_gmt":"2025-12-29T13:25:41","slug":"lkab-ansoker-om-kop-av-mark-i-kiruna","status":"publish","type":"post","link":"https:\/\/www.europesays.com\/se\/119793\/","title":{"rendered":"LKAB ans\u00f6ker om k\u00f6p av mark i Kiruna"},"content":{"rendered":"<ol class=\"breadcrumbs__list\">\n<li class=\"breadcrumbs__item \">\n                                    <a class=\"breadcrumbs__item__link\" href=\"https:\/\/lkab.com\/\" aria-label=\"Home\" rel=\"nofollow noopener\" target=\"_blank\"><\/p>\n<p>                    <\/a><\/p>\n<\/li>\n<li class=\"breadcrumbs__item breadcrumbs__item--current\">\n                                    <a class=\"breadcrumbs__item__link\" href=\"https:\/\/lkab.com\/press\/lkab-ansoker-om-kop-av-mark-i-kiruna\/\" aria-current=\"page\" rel=\"nofollow noopener\" target=\"_blank\"><\/p>\n<p>                    LKAB ans\u00f6ker om k\u00f6p av mark i Kiruna<br \/>\n                    <\/a><\/p>\n<\/li>\n<\/ol>\n<p>            <img decoding=\"async\" class=\"image__image\" src=\"https:\/\/www.europesays.com\/se\/wp-content\/uploads\/2025\/12\/84efe5fd5c4e4fa0_org.webp.webp\"   alt=\"\" loading=\"lazy\" width=\"1086\" height=\"798\" data-column-content=\"image\"\/><\/p>\n<p class=\"preamble\">\n    LKAB har idag l\u00e4mnat in en ans\u00f6kan till Statens Fastighetsverk om k\u00f6p av mark i Kiruna f\u00f6r att hantera den fortsatta samh\u00e4llsomvandlingen.\n<\/p>\n<p class=\"small-container paragraph\">\n    Omr\u00e5dena som tagits fram i samr\u00e5d med Kiruna Kommun uppg\u00e5r till totalt ca 275 ha.\n<\/p>\n<p class=\"small-container paragraph\">\n    \u2013 Vi och Kommunen har haft en mycket bra dialog med Statens Fastighetsverk under den h\u00e4r h\u00f6sten kring behovet att f\u00e5 fram byggbar mark i Kiruna. Det \u00e4r v\u00e5r f\u00f6rhoppning att de nu kan hantera ans\u00f6kan s\u00e5 snabbt som m\u00f6jligt och att vi faktiskt kan f\u00e5 k\u00f6pa de h\u00e4r omr\u00e5dena. Om vi ska kunna forts\u00e4tta leva upp till ambitionerna om utveckling f\u00f6re avveckling \u00e4r det avg\u00f6rande att h\u00e5lla ett h\u00f6gt tempo s\u00e5 att kommunen och vi kan komma ig\u00e5ng med planeringen, s\u00e4ger <strong>Stefan H\u00e4m\u00e4l\u00e4inen<\/strong>, direkt\u00f6r f\u00f6r Samh\u00e4llsutveckling, LKAB.\n<\/p>\n<p class=\"small-container paragraph\">\n    LKAB och Kommunen har under h\u00f6sten haft en rad medborgardialoger f\u00f6r att diskutera planerna fram\u00e5t. LKAB har ocks\u00e5 efter dialog med ber\u00f6rda samebyar gjort vissa anpassningar av omr\u00e5det som man ans\u00f6ker om.\n<\/p>\n<p class=\"small-container paragraph\">\n    Den 28 augusti 2025 redovisade LKAB en reviderad deformationsprognos f\u00f6r hur gruvbrytningen i Kirunagruvan p\u00e5verkar staden. Prognosen inneb\u00e4r att omr\u00e5det som p\u00e5verkas av LKAB:s gruvverksamhet ut\u00f6kas till att omfatta cirka tv\u00e5 tredjedelar av centrala Kiruna. Ut\u00f6kningen ber\u00f6r omkring 2 700 bost\u00e4der och cirka 6 000 personer. Ytan motsvarar cirka 190 hektar, varav ungef\u00e4r 850 sm\u00e5hus och 1 900 l\u00e4genheter.\n<\/p>\n<p class=\"small-container paragraph\">\n    Detta ska l\u00e4ggas till den redan p\u00e5g\u00e5ende samh\u00e4llsomvandlingen d\u00e4r den nya stadsk\u00e4rnan uppf\u00f6rts ca tre kilometer \u00f6ster om Kirunas tidigare centrum. LKAB har under flera \u00e5r byggt och bekostat bland annat nya flerbostadshus, verksamhetslokaler, sm\u00e5husomr\u00e5den, kommersiellt centrum, ny kommunal infrastruktur. 32 byggnader har flyttats (d\u00e4ribland en kyrka) och i n\u00e4rtid kommer ytterligare 10 byggnader att flyttas. I dagsl\u00e4get har cirka 1 800 bost\u00e4der byggts och ungef\u00e4r 4 500 m\u00e4nniskor har kunnat flytta till nya bostadsomr\u00e5den, dessutom har skyddsrum f\u00f6r ca 5500 personer tillskapats.\n<\/p>\n<p class=\"small-container paragraph\">\n    Sammantaget inneb\u00e4r den redan p\u00e5g\u00e5ende samh\u00e4llsomvandlingen och den som nu planeras att ca12 000 m\u00e4nniskor \u00e4r direkt ber\u00f6rda.\n<\/p>\n<p class=\"small-container paragraph\">\n    \u2013 LKAB vill kunna komma ig\u00e5ng och bygga s\u00e5 snart som m\u00f6jligt och markf\u00f6rv\u00e4rvet \u00e4r en f\u00f6ruts\u00e4ttning f\u00f6r det. Ut\u00f6ver det s\u00e5 kommer vi f\u00f6rhandla fram ett exploateringsavtal med kommunen d\u00e4r vi ocks\u00e5 g\u00e5tt med p\u00e5 kommunens krav att utg\u00e5ngspunkten m\u00e5ste vara att LKAB bygger och ers\u00e4tter med funktion eller \u201dNyckel mot Nyckel\u201d i enlighet med den avsiktsf\u00f6rklaring som vi f\u00f6rhandlade fram 2024, s\u00e4ger Stefan H\u00e4m\u00e4l\u00e4inen.\n<\/p>\n<p class=\"small-container paragraph\">\n    <strong>Bilaga: Kartbild \u00f6ver den ans\u00f6kta omr\u00e5dena<\/strong>\n<\/p>\n<p class=\"small-container paragraph\">\n    F\u00f6r mer information, v\u00e4nligen kontakta:\n<\/p>\n<p class=\"small-container paragraph\">\n    Ulrika Huhtaniska, presskommunikat\u00f6r\u00a0LKAB\u00a0<br \/>tel: + 46 70-268 39 92, e-post:\u00a0<a target=\"_blank\" href=\"https:\/\/lkab.com\/press\/lkab-ansoker-om-kop-av-mark-i-kiruna\/mailto:ulrika.huhtaniska@lkab.com\" rel=\"nofollow noopener\">ulrika.huhtaniska@lkab.com<\/a>\u00a0\u00a0\n<\/p>\n<p class=\"small-container paragraph\">\n    Presskommunikat\u00f6r\u00a0LKAB\u00a0<br \/>Tel: + 46 70-268 39 92,<br \/>E-post:\u00a0<a href=\"https:\/\/lkab.com\/press\/lkab-ansoker-om-kop-av-mark-i-kiruna\/mailto:ulrika.huhtaniska@lkab.com\" target=\"_blank\" rel=\"nofollow noopener\">ulrika.huhtaniska@lkab.com<\/a>\u00a0\u00a0\n<\/p>\n<p class=\"postamble\">\n    LKAB \u00e4r en internationell gruv- och mineralkoncern som erbjuder j\u00e4rnmalms-, mineral- och specialprodukter. Vi leder omst\u00e4llningen av j\u00e4rn- och st\u00e5lindustrin och v\u00e5r plan \u00e4r att utveckla koldioxidfria processer fram till \u00e5r 2045. Sedan 1890 har vi utvecklats genom unika innovationer och teknikl\u00f6sningar och drivs fram\u00e5t av mer \u00e4n 5 000 medarbetare i 12 l\u00e4nder. LKAB-koncernen omsatte cirka 33 miljarder kronor \u00e5r 2024. lkab.com\n<\/p>\n<p>    Documents<\/p>\n","protected":false},"excerpt":{"rendered":"LKAB ans\u00f6ker om k\u00f6p av mark i Kiruna LKAB har idag l\u00e4mnat in en ans\u00f6kan till Statens Fastighetsverk&hellip;\n","protected":false},"author":2,"featured_media":119794,"comment_status":"","ping_status":"","sticky":false,"template":"","format":"standard","meta":{"footnotes":""},"categories":[65],"tags":[72,70,71,34,31,33,32,30],"class_list":{"0":"post-119793","1":"post","2":"type-post","3":"status-publish","4":"format-standard","5":"has-post-thumbnail","7":"category-ekonomi","8":"tag-business","9":"tag-economy","10":"tag-ekonomi","11":"tag-se","12":"tag-svenska","13":"tag-sverige","14":"tag-sweden","15":"tag-swedish"},"share_on_mastodon":{"url":"https:\/\/pubeurope.com\/@se\/115803083448139876","error":""},"_links":{"self":[{"href":"https:\/\/www.europesays.com\/se\/wp-json\/wp\/v2\/posts\/119793","targetHints":{"allow":["GET"]}}],"collection":[{"href":"https:\/\/www.europesays.com\/se\/wp-json\/wp\/v2\/posts"}],"about":[{"href":"https:\/\/www.europesays.com\/se\/wp-json\/wp\/v2\/types\/post"}],"author":[{"embeddable":true,"href":"https:\/\/www.europesays.com\/se\/wp-json\/wp\/v2\/users\/2"}],"replies":[{"embeddable":true,"href":"https:\/\/www.europesays.com\/se\/wp-json\/wp\/v2\/comments?post=119793"}],"version-history":[{"count":0,"href":"https:\/\/www.europesays.com\/se\/wp-json\/wp\/v2\/posts\/119793\/revisions"}],"wp:featuredmedia":[{"embeddable":true,"href":"https:\/\/www.europesays.com\/se\/wp-json\/wp\/v2\/media\/119794"}],"wp:attachment":[{"href":"https:\/\/www.europesays.com\/se\/wp-json\/wp\/v2\/media?parent=119793"}],"wp:term":[{"taxonomy":"category","embeddable":true,"href":"https:\/\/www.europesays.com\/se\/wp-json\/wp\/v2\/categories?post=119793"},{"taxonomy":"post_tag","embeddable":true,"href":"https:\/\/www.europesays.com\/se\/wp-json\/wp\/v2\/tags?post=119793"}],"curies":[{"name":"wp","href":"https:\/\/api.w.org\/{rel}","templated":true}]}}