{"id":119797,"date":"2025-12-29T13:27:25","date_gmt":"2025-12-29T13:27:25","guid":{"rendered":"https:\/\/www.europesays.com\/se\/119797\/"},"modified":"2025-12-29T13:27:25","modified_gmt":"2025-12-29T13:27:25","slug":"uppgifter-26-aring-misstanks-for-mordet-i-ronninge-har-tidigare-forsokt-kidnappa-flicka","status":"publish","type":"post","link":"https:\/\/www.europesays.com\/se\/119797\/","title":{"rendered":"Uppgifter: 26-\u00e5ring misst\u00e4nks f\u00f6r mordet i R\u00f6nninge \u2013 har tidigare f\u00f6rs\u00f6kt kidnappa flicka"},"content":{"rendered":"<p>Det var under sommaren 2019 som den d\u00e5 19-\u00e5riga personen drog in en flicka i baks\u00e4tet p\u00e5 sin bil i n\u00e4rheten av en skola i Stockholms l\u00e4n. N\u00e4r g\u00e4rningspersonen satte sig i frams\u00e4tet f\u00f6r att k\u00f6ra iv\u00e4g lyckades flickan ta sig ut fr\u00e5n bilen. <\/p>\n<p>19-\u00e5ringen hade k\u00f6pt buntband, silvertejp och en mask veckan f\u00f6re g\u00e4rningen och var vid brottets tidpunkt maskerad.<\/p>\n<p>N\u00e4r polisen gick igenom g\u00e4rningspersonens dator i samband med kidnappningsf\u00f6rs\u00f6ket hittades stora m\u00e4ngder barnpornografi. 19-\u00e5ringen hade \u00e4ven s\u00f6kt p\u00e5 d\u00f6da kvinnokroppar och i s\u00f6khistoriken hittades ord som \u201drape drug\u201d, \u201dhur v\u00e5ldtar man en tjej?\u201d och \u201dg\u00f6ra n\u00e5gon medvetsl\u00f6s\u201d. <\/p>\n<p>I f\u00f6rh\u00f6r ber\u00e4ttade den misst\u00e4nkta att kidnappningsf\u00f6rs\u00f6ket inte var planerat, men att personen hade m\u00e5tt d\u00e5ligt under l\u00e5ng tid och planerade att g\u00f6ra n\u00e5got dumt. <\/p>\n<p>Hotade f\u00e4ngelsechef<\/p>\n<p>Straffet blev tv\u00e5 \u00e5r och fyra m\u00e5naders f\u00e4ngelse f\u00f6r f\u00f6rs\u00f6k till m\u00e4nniskorov och grovt barnpornografibrott. <\/p>\n<p>Den misst\u00e4nkta \u00e4r \u00e4ven d\u00f6md f\u00f6r hot mot tj\u00e4nsteman efter att ha hotat en chef p\u00e5 f\u00e4ngelset d\u00e4r straffet f\u00f6r kidnappningsf\u00f6rs\u00f6ket avtj\u00e4nades. I ett yttrande skriver Kriminalv\u00e5rden att risken f\u00f6r \u00e5terfall i generell brottslighet \u00e4r l\u00e5g, men att \u00e5terfallsrisken i sexualbrott \u00e4r h\u00f6g. <\/p>\n<p>Enligt SVT:s uppgifter misst\u00e4nks allts\u00e5 26-\u00e5ringen nu f\u00f6r mordet i R\u00f6nninge under julhelgen. Personen greps i l\u00f6rdags och \u00e4r nu anh\u00e5llen p\u00e5 sannolika sk\u00e4l misst\u00e4nkt f\u00f6r mord. SVT har s\u00f6kt g\u00e4rningspersonens f\u00f6rsvarsadvokat.<\/p>\n<p>Ytterligare en person \u00e4r anh\u00e5llen sk\u00e4ligen misst\u00e4nkt f\u00f6r m\u00e4nniskorov.<\/p>\n","protected":false},"excerpt":{"rendered":"Det var under sommaren 2019 som den d\u00e5 19-\u00e5riga personen drog in en flicka i baks\u00e4tet p\u00e5 sin&hellip;\n","protected":false},"author":2,"featured_media":119798,"comment_status":"","ping_status":"","sticky":false,"template":"","format":"standard","meta":{"footnotes":""},"categories":[12],"tags":[22,23,26,27,17,21,24,25,28,29,15,16,18,34,31,33,32,30,19,20],"class_list":{"0":"post-119797","1":"post","2":"type-post","3":"status-publish","4":"format-standard","5":"has-post-thumbnail","7":"category-sverige","8":"tag-breaking-news","9":"tag-breakingnews","10":"tag-featured-news","11":"tag-featurednews","12":"tag-headlines","13":"tag-huvudnyheter","14":"tag-latest-news","15":"tag-latestnews","16":"tag-main-news","17":"tag-mainnews","18":"tag-news","19":"tag-nyheter","20":"tag-rubriker","21":"tag-se","22":"tag-svenska","23":"tag-sverige","24":"tag-sweden","25":"tag-swedish","26":"tag-top-stories","27":"tag-topstories"},"share_on_mastodon":{"url":"https:\/\/pubeurope.com\/@se\/115803091339651921","error":""},"_links":{"self":[{"href":"https:\/\/www.europesays.com\/se\/wp-json\/wp\/v2\/posts\/119797","targetHints":{"allow":["GET"]}}],"collection":[{"href":"https:\/\/www.europesays.com\/se\/wp-json\/wp\/v2\/posts"}],"about":[{"href":"https:\/\/www.europesays.com\/se\/wp-json\/wp\/v2\/types\/post"}],"author":[{"embeddable":true,"href":"https:\/\/www.europesays.com\/se\/wp-json\/wp\/v2\/users\/2"}],"replies":[{"embeddable":true,"href":"https:\/\/www.europesays.com\/se\/wp-json\/wp\/v2\/comments?post=119797"}],"version-history":[{"count":0,"href":"https:\/\/www.europesays.com\/se\/wp-json\/wp\/v2\/posts\/119797\/revisions"}],"wp:featuredmedia":[{"embeddable":true,"href":"https:\/\/www.europesays.com\/se\/wp-json\/wp\/v2\/media\/119798"}],"wp:attachment":[{"href":"https:\/\/www.europesays.com\/se\/wp-json\/wp\/v2\/media?parent=119797"}],"wp:term":[{"taxonomy":"category","embeddable":true,"href":"https:\/\/www.europesays.com\/se\/wp-json\/wp\/v2\/categories?post=119797"},{"taxonomy":"post_tag","embeddable":true,"href":"https:\/\/www.europesays.com\/se\/wp-json\/wp\/v2\/tags?post=119797"}],"curies":[{"name":"wp","href":"https:\/\/api.w.org\/{rel}","templated":true}]}}