{"id":119799,"date":"2025-12-29T13:28:08","date_gmt":"2025-12-29T13:28:08","guid":{"rendered":"https:\/\/www.europesays.com\/se\/119799\/"},"modified":"2025-12-29T13:28:08","modified_gmt":"2025-12-29T13:28:08","slug":"uppdatering-om-misstankt-mord-i-boden-aklagarmyndigheten","status":"publish","type":"post","link":"https:\/\/www.europesays.com\/se\/119799\/","title":{"rendered":"Uppdatering om misst\u00e4nkt mord i Boden &#8211; \u00c5klagarmyndigheten"},"content":{"rendered":"<ol>\n<li><a href=\"https:\/\/news.google.com\/rss\/articles\/CBMipgFBVV95cUxNdXhSRUxuMFpnNllSMlBwcjBTWWkwNHhOUUlWRlFldG1Lak94QXJ4c2o4Q0xWZ19ab3dXUmFGUVItLWJfTDFHZTJ6XzJ6SElvQ0FZd3l3V2JHc2ZpME5Ia25XVzl6UURndHRuTk1NQ0pNS0VHb0c3SDA2WWExN29rV0QzZG16NUt4V2tNamRiLUF4RWhtd1h3ZDltMVZpZFFtaTdoelln?oc=5\" target=\"_blank\" rel=\"nofollow noopener\">Uppdatering om misst\u00e4nkt mord i Boden<\/a>&nbsp;&nbsp;\u00c5klagarmyndigheten<\/li>\n<li><a href=\"https:\/\/news.google.com\/rss\/articles\/CBMimwFBVV95cUxQQVR2TGp0RmVFVjJjMFR6bWd5SEJBVzBBYWdkQWxiQzNyVFFreTdBX05FTXAtSktOcVZkVV95U0ZQSkJSZ3J3MGdPOW5XSGdQdFhvRmg2ZEZIRlBTbndHOUlONTU3eWxSNWJuelZFYnV6MnV3Sm9HdmtNcTAwNzJlSjBEc0ttUEo3NUtaTFFOMHhZTzVYSHF3VVJTMA?oc=5\" target=\"_blank\" rel=\"nofollow noopener\">Misst\u00e4nkte m\u00f6rdaren i Boden ringde p\u00e5 d\u00f6rren<\/a>&nbsp;&nbsp;Aftonbladet<\/li>\n<li><a href=\"https:\/\/news.google.com\/rss\/articles\/CBMirAFBVV95cUxOdTVBNm1YcTlWYkp2OUVxS3BsbDZlZEFSTEpnTGVpa0g5VWV2dVNRWndRbkF4b0tEZjRIdG1vbi1TMWczTlNWajdual9jaTkzN2hLb3VLOThsTDJ3LWQ5Z2Y1RHJrbHlrQ0xqamNBOC14eU1wd2xtWVFnMkdtOFA4X0FMclJnM3VwT1F3b21hb244eGhTQ2c0SlVmLVBzNWFiaWQtaHMzeERSNVU0?oc=5\" target=\"_blank\" rel=\"nofollow noopener\">Dottern i Boden h\u00f6lls gisslan i timmar \u2013 mamman dog efter omfattande v\u00e5ld<\/a>&nbsp;&nbsp;SVT Nyheter<\/li>\n<li><a href=\"https:\/\/news.google.com\/rss\/articles\/CBMioAFBVV95cUxQdzBnXzRkdXJGdXFOVWxkZ080Z0RuYm5KckxTVFRrbWVPUGRfUUhVQ3NtYWZ1QUVIVE1SeDJNTlVZRk9zOHBZTXU3bHc5N0NfNnVfclZGNTg0RC1xcnZ4Xzc1bEwtVm1nd3dreHZpZ0YtbUYyUmJtWVhteU5IZ28xMFpzSkdBd3RaOXIzeC1hNkhpTzdVWUNkTHNrendLUzI0?oc=5\" target=\"_blank\" rel=\"nofollow noopener\">Misst\u00e4nkta m\u00f6rdaren i Boden ringde p\u00e5 d\u00f6rren \u2013 var i huset i flera timmar<\/a>&nbsp;&nbsp;SvD<\/li>\n<li><a href=\"https:\/\/news.google.com\/rss\/articles\/CBMiogFBVV95cUxPUFlSeW9jb1lYVTl3TEVaWHNnQTRQTDVVWG9tZnF2NlFSazlXc0xrVHd3ampYYmVkRzV0M3JaUHhKdjF1MWwzX3R3c1Nnd29Wb2l5TFFiOEpIMlhETFhsM0xKZm1oa19NbjJPZExrVmltSnJucVZXdXNvYkJ5VGh1SVdybkxpUWpOU1ZNZmVEYkdBSHZMSUMwdy1aQXhsTDlrQ1E?oc=5\" target=\"_blank\" rel=\"nofollow noopener\">Regionens f\u00f6rsta ord efter mordet i Boden \u2013 f\u00f6rklarar tystnaden<\/a>&nbsp;&nbsp;Kuriren<\/li>\n<\/ol>\n","protected":false},"excerpt":{"rendered":"Uppdatering om misst\u00e4nkt mord i Boden&nbsp;&nbsp;\u00c5klagarmyndigheten Misst\u00e4nkte m\u00f6rdaren i Boden ringde p\u00e5 d\u00f6rren&nbsp;&nbsp;Aftonbladet Dottern i Boden h\u00f6lls gisslan&hellip;\n","protected":false},"author":2,"featured_media":5946,"comment_status":"","ping_status":"","sticky":false,"template":"","format":"standard","meta":{"footnotes":""},"categories":[5],"tags":[980,979,22,23,26,27,17,21,24,25,28,29,15,16,18,34,31,33,32,30,19,20],"class_list":{"0":"post-119799","1":"post","2":"type-post","3":"status-publish","4":"format-standard","5":"has-post-thumbnail","7":"category-rubriker","8":"tag-klagarmyndigheten","9":"tag-klagare","10":"tag-breaking-news","11":"tag-breakingnews","12":"tag-featured-news","13":"tag-featurednews","14":"tag-headlines","15":"tag-huvudnyheter","16":"tag-latest-news","17":"tag-latestnews","18":"tag-main-news","19":"tag-mainnews","20":"tag-news","21":"tag-nyheter","22":"tag-rubriker","23":"tag-se","24":"tag-svenska","25":"tag-sverige","26":"tag-sweden","27":"tag-swedish","28":"tag-top-stories","29":"tag-topstories"},"share_on_mastodon":{"url":"https:\/\/pubeurope.com\/@se\/115803095249492684","error":""},"_links":{"self":[{"href":"https:\/\/www.europesays.com\/se\/wp-json\/wp\/v2\/posts\/119799","targetHints":{"allow":["GET"]}}],"collection":[{"href":"https:\/\/www.europesays.com\/se\/wp-json\/wp\/v2\/posts"}],"about":[{"href":"https:\/\/www.europesays.com\/se\/wp-json\/wp\/v2\/types\/post"}],"author":[{"embeddable":true,"href":"https:\/\/www.europesays.com\/se\/wp-json\/wp\/v2\/users\/2"}],"replies":[{"embeddable":true,"href":"https:\/\/www.europesays.com\/se\/wp-json\/wp\/v2\/comments?post=119799"}],"version-history":[{"count":0,"href":"https:\/\/www.europesays.com\/se\/wp-json\/wp\/v2\/posts\/119799\/revisions"}],"wp:featuredmedia":[{"embeddable":true,"href":"https:\/\/www.europesays.com\/se\/wp-json\/wp\/v2\/media\/5946"}],"wp:attachment":[{"href":"https:\/\/www.europesays.com\/se\/wp-json\/wp\/v2\/media?parent=119799"}],"wp:term":[{"taxonomy":"category","embeddable":true,"href":"https:\/\/www.europesays.com\/se\/wp-json\/wp\/v2\/categories?post=119799"},{"taxonomy":"post_tag","embeddable":true,"href":"https:\/\/www.europesays.com\/se\/wp-json\/wp\/v2\/tags?post=119799"}],"curies":[{"name":"wp","href":"https:\/\/api.w.org\/{rel}","templated":true}]}}