{"id":119806,"date":"2025-12-29T13:34:25","date_gmt":"2025-12-29T13:34:25","guid":{"rendered":"https:\/\/www.europesays.com\/se\/119806\/"},"modified":"2025-12-29T13:34:25","modified_gmt":"2025-12-29T13:34:25","slug":"iran-vi-ar-i-krig-med-usa-israel-och-europa-2","status":"publish","type":"post","link":"https:\/\/www.europesays.com\/se\/119806\/","title":{"rendered":"Iran: \u201dVi \u00e4r i krig med USA, Israel och Europa\u201d"},"content":{"rendered":"<p>\u2013 I mina \u00f6gon \u00e4r vi i totalkrig med USA, Israel och Europa, s\u00e4ger Pezeshkian till Irans h\u00f6gste ledare Ali Khameneis officiella sajt.<\/p>\n<p>Frankrike, Storbritannien och Tyskland har st\u00e4llt sig bakom de FN-sanktioner mot Iran som \u00e4r kopplade landets atomenergiprogram. Och f\u00f6r ett halv\u00e5r sedan attackerades Irans atomenergianl\u00e4ggningar av Israel och USA.<\/p>\n<p>\u2013 Det h\u00e4r kriget \u00e4r v\u00e4rre \u00e4n det som Irak startade mot oss. N\u00e4r man ser n\u00e4rmare p\u00e5 det \u00e4r det mycket mer komplext och sv\u00e5rt, s\u00e4ger han.<\/p>\n<p>Irak invaderade Iran 1980. Kriget varade till 1988 och kr\u00e4vde hundratusentals m\u00e4nniskoliv p\u00e5 b\u00e5da sidor.<\/p>\n","protected":false},"excerpt":{"rendered":"\u2013 I mina \u00f6gon \u00e4r vi i totalkrig med USA, Israel och Europa, s\u00e4ger Pezeshkian till Irans h\u00f6gste&hellip;\n","protected":false},"author":2,"featured_media":119807,"comment_status":"","ping_status":"","sticky":false,"template":"","format":"standard","meta":{"footnotes":""},"categories":[14],"tags":[22,23,26,27,17,21,24,25,28,29,15,16,18,34,31,33,32,30,19,20,51,52,53,54],"class_list":{"0":"post-119806","1":"post","2":"type-post","3":"status-publish","4":"format-standard","5":"has-post-thumbnail","7":"category-varlden","8":"tag-breaking-news","9":"tag-breakingnews","10":"tag-featured-news","11":"tag-featurednews","12":"tag-headlines","13":"tag-huvudnyheter","14":"tag-latest-news","15":"tag-latestnews","16":"tag-main-news","17":"tag-mainnews","18":"tag-news","19":"tag-nyheter","20":"tag-rubriker","21":"tag-se","22":"tag-svenska","23":"tag-sverige","24":"tag-sweden","25":"tag-swedish","26":"tag-top-stories","27":"tag-topstories","28":"tag-varlden","29":"tag-world","30":"tag-world-news","31":"tag-worldnews"},"share_on_mastodon":{"url":"https:\/\/pubeurope.com\/@se\/115803118832688946","error":""},"_links":{"self":[{"href":"https:\/\/www.europesays.com\/se\/wp-json\/wp\/v2\/posts\/119806","targetHints":{"allow":["GET"]}}],"collection":[{"href":"https:\/\/www.europesays.com\/se\/wp-json\/wp\/v2\/posts"}],"about":[{"href":"https:\/\/www.europesays.com\/se\/wp-json\/wp\/v2\/types\/post"}],"author":[{"embeddable":true,"href":"https:\/\/www.europesays.com\/se\/wp-json\/wp\/v2\/users\/2"}],"replies":[{"embeddable":true,"href":"https:\/\/www.europesays.com\/se\/wp-json\/wp\/v2\/comments?post=119806"}],"version-history":[{"count":0,"href":"https:\/\/www.europesays.com\/se\/wp-json\/wp\/v2\/posts\/119806\/revisions"}],"wp:featuredmedia":[{"embeddable":true,"href":"https:\/\/www.europesays.com\/se\/wp-json\/wp\/v2\/media\/119807"}],"wp:attachment":[{"href":"https:\/\/www.europesays.com\/se\/wp-json\/wp\/v2\/media?parent=119806"}],"wp:term":[{"taxonomy":"category","embeddable":true,"href":"https:\/\/www.europesays.com\/se\/wp-json\/wp\/v2\/categories?post=119806"},{"taxonomy":"post_tag","embeddable":true,"href":"https:\/\/www.europesays.com\/se\/wp-json\/wp\/v2\/tags?post=119806"}],"curies":[{"name":"wp","href":"https:\/\/api.w.org\/{rel}","templated":true}]}}