{"id":119819,"date":"2025-12-29T13:45:11","date_gmt":"2025-12-29T13:45:11","guid":{"rendered":"https:\/\/www.europesays.com\/se\/119819\/"},"modified":"2025-12-29T13:45:11","modified_gmt":"2025-12-29T13:45:11","slug":"bjorck-klev-fram-nar-sverige-vande-mot-schweiz","status":"publish","type":"post","link":"https:\/\/www.europesays.com\/se\/119819\/","title":{"rendered":"Bj\u00f6rck klev fram n\u00e4r Sverige v\u00e4nde mot Schweiz"},"content":{"rendered":"<p><strong>BJ\u00d6RCK IMPONERAR<\/strong><\/p>\n<p>Viggo Bj\u00f6rck ska draftas i sommar. Han \u00e4r yngst i det svenska laget i \u00e5rets JVM. I \u00f6ppningsmatchen mot Slovakien gjorde han ett m\u00e5l, som blev bortd\u00f6mt, men som hade n\u00e5tt olika highlights-paket. Mot Schweiz gjorde han ett nytt \u2013 den h\u00e4r g\u00e5ngen r\u00e4knades det. Bj\u00f6rcks 2-2-m\u00e5l h\u00f6ll h\u00f6g teknisk klass. Han fick pucken till v\u00e4nster i zon, tog tv\u00e5 tre sk\u00e4r in i banan och skakade av sig sin markering, innan han avlossade ett skott som gick in i f\u00f6rsta krysset.<\/p>\n<p>\u2013 Jag ser att pucken fastnar bortre sarg. Sen f\u00e5r \u201dAffe\u201d (Alfons Freij pucken) och sen f\u00e5r man skjuta n\u00e5gon g\u00e5ng, sa Bj\u00f6rck till SVT.<\/p>\n<p>Bj\u00f6rcks inledning p\u00e5 turneringen l\u00e4r ha st\u00e4rkts hans aktier till sommarens draft.<\/p>\n<p><strong>H\u00c4VELIDS JUSTERINGAR<\/strong><\/p>\n<p>Magnus H\u00e4velid beh\u00f6vde f\u00f6r\u00e4ndra saker inf\u00f6r den tredje perioden. D\u00e5 agerade f\u00f6rbundskaptenen som justerade i sina formationer. Bland annat fick Ivar Stenberg och Viggo Bj\u00f6rck nya kamrater p\u00e5 isen. H\u00e4velid bytte ocks\u00e5 position p\u00e5 Bj\u00f6rck och Stenberg i powerplay. \u00c4ndringarna i laget fick effekt.<\/p>\n<p>\u2013 Vi ville hj\u00e4lpa spelarna p\u00e5 det s\u00e4ttet. Man kan inte g\u00f6ra f\u00f6r mycket f\u00f6r\u00e4ndringar, men idag k\u00e4nde vi att det var bra l\u00e4ge att g\u00f6ra det och det blev bra inverkan p\u00e5 det, sa H\u00e4velid.<\/p>\n<p><strong>HAR SVERIGE HITTAT SIN F\u00d6RSTAM\u00c5LVAKT?<\/strong><\/p>\n<p>Tv\u00e5 matcher. Tv\u00e5 starter f\u00f6r Love H\u00e4renstam. Den svenska m\u00e5lvaktsfr\u00e5gan var en snackis inf\u00f6r turneringen, men \u00e4n s\u00e5 l\u00e4nge har den svenska buren varit H\u00e4renstams. Som gjort det stabilt. Han har en r\u00e4ddningsprocent p\u00e5 92,59 p\u00e5 Sveriges tv\u00e5 matcher mot Slovakien och Schweiz.<\/p>\n<p>Men redan under m\u00e5ndagen, d\u00e5 Sverige m\u00f6ter Tyskland (19.00 SVT) \u00e4r det inte om\u00f6jligt att Sverige g\u00f6r ett m\u00e5lvaktsbyte och l\u00e5ter Herman Liv visa upp sig.<\/p>\n","protected":false},"excerpt":{"rendered":"BJ\u00d6RCK IMPONERAR Viggo Bj\u00f6rck ska draftas i sommar. Han \u00e4r yngst i det svenska laget i \u00e5rets JVM.&hellip;\n","protected":false},"author":2,"featured_media":119820,"comment_status":"","ping_status":"","sticky":false,"template":"","format":"standard","meta":{"footnotes":""},"categories":[5],"tags":[22,23,26,27,17,21,24,25,28,29,15,16,18,34,31,33,32,30,19,20],"class_list":{"0":"post-119819","1":"post","2":"type-post","3":"status-publish","4":"format-standard","5":"has-post-thumbnail","7":"category-rubriker","8":"tag-breaking-news","9":"tag-breakingnews","10":"tag-featured-news","11":"tag-featurednews","12":"tag-headlines","13":"tag-huvudnyheter","14":"tag-latest-news","15":"tag-latestnews","16":"tag-main-news","17":"tag-mainnews","18":"tag-news","19":"tag-nyheter","20":"tag-rubriker","21":"tag-se","22":"tag-svenska","23":"tag-sverige","24":"tag-sweden","25":"tag-swedish","26":"tag-top-stories","27":"tag-topstories"},"share_on_mastodon":{"url":"https:\/\/pubeurope.com\/@se\/115803162036294933","error":""},"_links":{"self":[{"href":"https:\/\/www.europesays.com\/se\/wp-json\/wp\/v2\/posts\/119819","targetHints":{"allow":["GET"]}}],"collection":[{"href":"https:\/\/www.europesays.com\/se\/wp-json\/wp\/v2\/posts"}],"about":[{"href":"https:\/\/www.europesays.com\/se\/wp-json\/wp\/v2\/types\/post"}],"author":[{"embeddable":true,"href":"https:\/\/www.europesays.com\/se\/wp-json\/wp\/v2\/users\/2"}],"replies":[{"embeddable":true,"href":"https:\/\/www.europesays.com\/se\/wp-json\/wp\/v2\/comments?post=119819"}],"version-history":[{"count":0,"href":"https:\/\/www.europesays.com\/se\/wp-json\/wp\/v2\/posts\/119819\/revisions"}],"wp:featuredmedia":[{"embeddable":true,"href":"https:\/\/www.europesays.com\/se\/wp-json\/wp\/v2\/media\/119820"}],"wp:attachment":[{"href":"https:\/\/www.europesays.com\/se\/wp-json\/wp\/v2\/media?parent=119819"}],"wp:term":[{"taxonomy":"category","embeddable":true,"href":"https:\/\/www.europesays.com\/se\/wp-json\/wp\/v2\/categories?post=119819"},{"taxonomy":"post_tag","embeddable":true,"href":"https:\/\/www.europesays.com\/se\/wp-json\/wp\/v2\/tags?post=119819"}],"curies":[{"name":"wp","href":"https:\/\/api.w.org\/{rel}","templated":true}]}}