{"id":119829,"date":"2025-12-29T13:53:12","date_gmt":"2025-12-29T13:53:12","guid":{"rendered":"https:\/\/www.europesays.com\/se\/119829\/"},"modified":"2025-12-29T13:53:12","modified_gmt":"2025-12-29T13:53:12","slug":"vintersport-anze-gros-kollapsade-under-loppet-fordes-ivag-i-ambulans","status":"publish","type":"post","link":"https:\/\/www.europesays.com\/se\/119829\/","title":{"rendered":"Vintersport: Anze Gros kollapsade under loppet \u2013 f\u00f6rdes iv\u00e4g i ambulans"},"content":{"rendered":"<p>Anze Gros tog sig inte i m\u00e5l i herrarnas 10 km i Tour de Ski. Enligt Viaplay ska han ha kollapsat under loppet och varit medvetsl\u00f6s vid tillf\u00e4llet.<\/p>\n<p>\u2013 Det var ganska dramatiska bilder n\u00e4r han kollapsade och fick \u00e5ka den h\u00e4r skotern ner, s\u00e4ger Viaplays Johanna Ojala.<\/p>\n<p>Det var efter \u00e5tta kilometers t\u00e4vling som Gros kollapsade. Nejc Brodar, assisterande tr\u00e4nare i Slovenien, ger ett lugnande besked om Gros. <\/p>\n<p>\u2013 Han har f\u00f6rts till sjukhus nu f\u00f6r en kontroll. Han borde nog vara utskriven om ett par timmar, s\u00e4ger han till Viaplay.<\/p>\n<p>\u2013 Han ska vara okej, forts\u00e4tter han.<\/p>\n","protected":false},"excerpt":{"rendered":"Anze Gros tog sig inte i m\u00e5l i herrarnas 10 km i Tour de Ski. Enligt Viaplay ska&hellip;\n","protected":false},"author":2,"featured_media":119830,"comment_status":"","ping_status":"","sticky":false,"template":"","format":"standard","meta":{"footnotes":""},"categories":[5],"tags":[22,23,26,27,17,21,24,25,28,29,15,16,18,34,31,33,32,30,19,20],"class_list":{"0":"post-119829","1":"post","2":"type-post","3":"status-publish","4":"format-standard","5":"has-post-thumbnail","7":"category-rubriker","8":"tag-breaking-news","9":"tag-breakingnews","10":"tag-featured-news","11":"tag-featurednews","12":"tag-headlines","13":"tag-huvudnyheter","14":"tag-latest-news","15":"tag-latestnews","16":"tag-main-news","17":"tag-mainnews","18":"tag-news","19":"tag-nyheter","20":"tag-rubriker","21":"tag-se","22":"tag-svenska","23":"tag-sverige","24":"tag-sweden","25":"tag-swedish","26":"tag-top-stories","27":"tag-topstories"},"share_on_mastodon":{"url":"https:\/\/pubeurope.com\/@se\/115803193529417524","error":""},"_links":{"self":[{"href":"https:\/\/www.europesays.com\/se\/wp-json\/wp\/v2\/posts\/119829","targetHints":{"allow":["GET"]}}],"collection":[{"href":"https:\/\/www.europesays.com\/se\/wp-json\/wp\/v2\/posts"}],"about":[{"href":"https:\/\/www.europesays.com\/se\/wp-json\/wp\/v2\/types\/post"}],"author":[{"embeddable":true,"href":"https:\/\/www.europesays.com\/se\/wp-json\/wp\/v2\/users\/2"}],"replies":[{"embeddable":true,"href":"https:\/\/www.europesays.com\/se\/wp-json\/wp\/v2\/comments?post=119829"}],"version-history":[{"count":0,"href":"https:\/\/www.europesays.com\/se\/wp-json\/wp\/v2\/posts\/119829\/revisions"}],"wp:featuredmedia":[{"embeddable":true,"href":"https:\/\/www.europesays.com\/se\/wp-json\/wp\/v2\/media\/119830"}],"wp:attachment":[{"href":"https:\/\/www.europesays.com\/se\/wp-json\/wp\/v2\/media?parent=119829"}],"wp:term":[{"taxonomy":"category","embeddable":true,"href":"https:\/\/www.europesays.com\/se\/wp-json\/wp\/v2\/categories?post=119829"},{"taxonomy":"post_tag","embeddable":true,"href":"https:\/\/www.europesays.com\/se\/wp-json\/wp\/v2\/tags?post=119829"}],"curies":[{"name":"wp","href":"https:\/\/api.w.org\/{rel}","templated":true}]}}