{"id":119843,"date":"2025-12-29T14:06:51","date_gmt":"2025-12-29T14:06:51","guid":{"rendered":"https:\/\/www.europesays.com\/se\/119843\/"},"modified":"2025-12-29T14:06:51","modified_gmt":"2025-12-29T14:06:51","slug":"harry-och-meghans-elfte-pr-chef-pa-fem-ar-slutar","status":"publish","type":"post","link":"https:\/\/www.europesays.com\/se\/119843\/","title":{"rendered":"Harry och Meghans elfte PR-chef p\u00e5 fem \u00e5r slutar"},"content":{"rendered":"<p>Publicerad 28 dec 2025 kl 03.20Uppdaterad kl 05.54<\/p>\n<p>Prins Harry och Meghan anklagas f\u00f6r att vara sv\u00e5ra att jobba med.<\/p>\n<p>Nu tappar paret sin elfte PR-chef p\u00e5 n\u00e5gra \u00e5r.<\/p>\n<p>Trump utlovar l\u00e5ga priser och en ny r\u00e4ntes\u00e4nkande Fed-chef<img   alt=\"\"\/> <\/p>\n<p>Foto: MISC \/ BACKGRID US \/ TT \/ Backgrid USA \/ TT NYHETSBYR\u00c5N<\/p>\n<p>\u00d6ppna bild i helsk\u00e4rm<\/p>\n<p>Sedan prins Harry och Meghan l\u00e4mnade det brittiska kungahuset har de haft en rad olika aff\u00e4rsprojekt, b\u00e5de tillsammans och enskilt.<\/p>\n<p>Men konflikterna och kritiken l\u00e4mnade inte paret i samband med det bistra avskedet fr\u00e5n kungahuset.<\/p>\n<p><a href=\"https:\/\/www.expressen.se\/nyheter\/kungligt\/meghans-ilska--mot-anklagelsen\/\" rel=\"nofollow noopener\" target=\"_blank\">Netflix-serien har s\u00e5gats<\/a>, Meghans produkter har <a href=\"https:\/\/www.expressen.se\/nyheter\/kungligt\/meghans-small-for-likt-kinesisk-hochm-leverantor\/\" rel=\"nofollow noopener\" target=\"_blank\">anklagats f\u00f6r plagiat <\/a>och paret har kritiserats f\u00f6r hur de trots allt <a href=\"https:\/\/www.expressen.se\/nyheter\/kungligt\/ilskan-mot-meghan-varnades-av-drottningen\/\" rel=\"nofollow noopener\" target=\"_blank\">anv\u00e4nder sina kungliga titlar.<\/a>\u00a0<\/p>\n<p>F\u00f6r att rida genom stormarna har paret haft hj\u00e4lp av diverse PR-personer och bolag.<\/p>\n<p>Men f\u00e5 har blivit l\u00e5ngvariga.<\/p>\n<p>Nu har parets elfte PR-chef, Meredith Maines, sagt upp sig \u2013 efter bara ett \u00e5r p\u00e5 posten.<\/p>\n<p>\u201dF\u00e5tt vuxna m\u00e4n att gr\u00e5ta\u201d<\/p>\n<p>Enligt Daily Mail \u00e4r det parets elfte PR-chef under de fem \u00e5r som g\u00e5tt sedan avskedet.<\/p>\n<p>Sj\u00e4lv kallar Maines det f\u00f6r ett \u201dinspirerande \u00e5r\u201d med paret.<\/p>\n<p>\u2013 Jag hyser den st\u00f6rsta respekt och tacksamhet f\u00f6r paret och deras team, och det goda arbete de g\u00f6r i v\u00e4rlden, s\u00e4ger hon i ett uttalande.<\/p>\n<p>K\u00e4llor f\u00f6r Daily Mail uppger att hon haft en \u201dtuff\u201d tid p\u00e5 jobbet sedan PR-direkt\u00f6ren Emily Robinson l\u00e4mnade f\u00f6r ett par m\u00e5nader sedan.<\/p>\n<p>\u2013 Hon \u00e4r inte den som ger upp i f\u00f6rsta taget, s\u00e5 n\u00e5got m\u00e5ste ha varit riktigt illa f\u00f6r att hon skulle l\u00e4mna, sa en v\u00e4n till Robinson n\u00e4r hon valde att kasta in handduken.<\/p>\n<p>Paret har i en rad olika artiklar f\u00e5tt kritik f\u00f6r att de \u00e4r h\u00e5rda och sv\u00e5ra att jobba med.<\/p>\n<p>\u2013 Jag har sett hur hon f\u00e5r vuxna m\u00e4n att b\u00f6rja gr\u00e5ta, sa en k\u00e4lla till The Hollywood Reporter i h\u00f6stas.<\/p>\n","protected":false},"excerpt":{"rendered":"Publicerad 28 dec 2025 kl 03.20Uppdaterad kl 05.54 Prins Harry och Meghan anklagas f\u00f6r att vara sv\u00e5ra att&hellip;\n","protected":false},"author":2,"featured_media":119844,"comment_status":"","ping_status":"","sticky":false,"template":"","format":"standard","meta":{"footnotes":""},"categories":[67],"tags":[104,2056,34,612,31,33,32,30,105],"class_list":{"0":"post-119843","1":"post","2":"type-post","3":"status-publish","4":"format-standard","5":"has-post-thumbnail","7":"category-underhallning","8":"tag-entertainment","9":"tag-person-prins-harry","10":"tag-se","11":"tag-sections-kungligt","12":"tag-svenska","13":"tag-sverige","14":"tag-sweden","15":"tag-swedish","16":"tag-underhallning"},"share_on_mastodon":{"url":"https:\/\/pubeurope.com\/@se\/115803248551153792","error":""},"_links":{"self":[{"href":"https:\/\/www.europesays.com\/se\/wp-json\/wp\/v2\/posts\/119843","targetHints":{"allow":["GET"]}}],"collection":[{"href":"https:\/\/www.europesays.com\/se\/wp-json\/wp\/v2\/posts"}],"about":[{"href":"https:\/\/www.europesays.com\/se\/wp-json\/wp\/v2\/types\/post"}],"author":[{"embeddable":true,"href":"https:\/\/www.europesays.com\/se\/wp-json\/wp\/v2\/users\/2"}],"replies":[{"embeddable":true,"href":"https:\/\/www.europesays.com\/se\/wp-json\/wp\/v2\/comments?post=119843"}],"version-history":[{"count":0,"href":"https:\/\/www.europesays.com\/se\/wp-json\/wp\/v2\/posts\/119843\/revisions"}],"wp:featuredmedia":[{"embeddable":true,"href":"https:\/\/www.europesays.com\/se\/wp-json\/wp\/v2\/media\/119844"}],"wp:attachment":[{"href":"https:\/\/www.europesays.com\/se\/wp-json\/wp\/v2\/media?parent=119843"}],"wp:term":[{"taxonomy":"category","embeddable":true,"href":"https:\/\/www.europesays.com\/se\/wp-json\/wp\/v2\/categories?post=119843"},{"taxonomy":"post_tag","embeddable":true,"href":"https:\/\/www.europesays.com\/se\/wp-json\/wp\/v2\/tags?post=119843"}],"curies":[{"name":"wp","href":"https:\/\/api.w.org\/{rel}","templated":true}]}}