{"id":119850,"date":"2025-12-29T14:11:22","date_gmt":"2025-12-29T14:11:22","guid":{"rendered":"https:\/\/www.europesays.com\/se\/119850\/"},"modified":"2025-12-29T14:11:22","modified_gmt":"2025-12-29T14:11:22","slug":"billy-magnusson-ny-sportchef-i-vsk-fotboll","status":"publish","type":"post","link":"https:\/\/www.europesays.com\/se\/119850\/","title":{"rendered":"Billy Magnusson ny sportchef i VSK Fotboll"},"content":{"rendered":"\n<p>V\u00e4ster\u00e5s SK Fotboll har n\u00f6jet att presentera <strong>Billy Magnusson<\/strong> som ny sportchef i f\u00f6reningen. En rekrytering som markerar ett viktigt steg i klubbens fortsatta sportsliga utveckling.<\/p>\n<p>Arbetet med att s\u00e4kerst\u00e4lla en l\u00e5ngsiktig och genomt\u00e4nkt organisation inleddes redan under h\u00f6sten. Klubben screenade marknaden och tog fram en tydlig plan f\u00f6r en eventuell ers\u00e4ttare till Kalle Karlsson. N\u00e4r det sedermera stod klart att Kalle l\u00e4mnade V\u00e4ster\u00e5s SK Fotboll startade rekryteringsprocessen p\u00e5 allvar.<\/p>\n<p>Totalt intervjuades <strong>15\u201320 kandidater<\/strong>, och efter en gedigen och noggrann process landade valet till slut i Billy Magnusson.<\/p>\n<p>Billy kommer senast fr\u00e5n Landskrona BoIS d\u00e4r han haft roller som b\u00e5de <strong>huvudtr\u00e4nare och sportchef<\/strong>. Under sin tid i klubben var han starkt bidragande till resan fr\u00e5n <strong>Division 1 till att 2024 kvala f\u00f6r Allsvenskt spel<\/strong>.<\/p>\n<p><strong>Klubbchef Robin Hals om rekryteringen:<\/strong><\/p>\n<p>\u2013 Under intervjuprocessen fick Billy tr\u00e4ffa mig, styrelsen, Mikael Lustig, Alexander Rubin och utvecklingsansvarig Oscar Norrby. Han gjorde ett starkt intryck p\u00e5 oss alla och \u00e4r en person som vi tror kommer att knyta ihop f\u00f6reningen p\u00e5 ett v\u00e4ldigt bra s\u00e4tt. Billy \u00e4r skicklig p\u00e5 att identifiera och utveckla talanger, b\u00e5de genom att lyfta spelare internt fr\u00e5n akademin och via extern rekrytering. Vi \u00e4r v\u00e4ldigt glada \u00f6ver att ha landat i den h\u00e4r l\u00f6sningen!<\/p>\n<p><strong>Fotbollsansvarig Mikael Lustig om varf\u00f6r valet f\u00f6ll p\u00e5 Billy:<\/strong><\/p>\n<p>\u201dI Billy Magnusson f\u00e5r vi en sportchef som tydligt har visat hur man bygger en stark och h\u00e5llbar fotbollsmilj\u00f6 \u00f6ver tid. Hans resa i Landskrona BoIS, d\u00e4r han varit med och utvecklat klubben fr\u00e5n Division 1 till att bli en etablerad toppkandidat i Superettan, visar p\u00e5 b\u00e5de strategisk skicklighet och ett modernt, l\u00e5ngsiktigt arbetss\u00e4tt. <\/p>\n<p>Samtidigt st\u00e5r Billy f\u00f6r ett ledarskap som \u00e4r varmt, genuint och n\u00e4ra m\u00e4nniskorna i verksamheten, n\u00e5got vi ser som avg\u00f6rande f\u00f6r att skapa b\u00e5de prestation och trivsel. Vi upplever att han delar VSK Fotbolls v\u00e4rderingar och vision, och att han med sin erfarenhet, tydlighet och personlighet \u00e4r helt r\u00e4tt person att leda det sportsliga arbetet i n\u00e4sta fas av v\u00e5r resa.\u201d<\/p>\n<p>Varmt v\u00e4lkommen till Gr\u00f6nvitt, Billy! <\/p>\n","protected":false},"excerpt":{"rendered":"V\u00e4ster\u00e5s SK Fotboll har n\u00f6jet att presentera Billy Magnusson som ny sportchef i f\u00f6reningen. En rekrytering som markerar&hellip;\n","protected":false},"author":2,"featured_media":119851,"comment_status":"","ping_status":"","sticky":false,"template":"","format":"standard","meta":{"footnotes":""},"categories":[5],"tags":[22,23,26,27,17,21,24,25,28,29,15,16,18,34,31,33,32,30,19,20],"class_list":{"0":"post-119850","1":"post","2":"type-post","3":"status-publish","4":"format-standard","5":"has-post-thumbnail","7":"category-rubriker","8":"tag-breaking-news","9":"tag-breakingnews","10":"tag-featured-news","11":"tag-featurednews","12":"tag-headlines","13":"tag-huvudnyheter","14":"tag-latest-news","15":"tag-latestnews","16":"tag-main-news","17":"tag-mainnews","18":"tag-news","19":"tag-nyheter","20":"tag-rubriker","21":"tag-se","22":"tag-svenska","23":"tag-sverige","24":"tag-sweden","25":"tag-swedish","26":"tag-top-stories","27":"tag-topstories"},"share_on_mastodon":{"url":"https:\/\/pubeurope.com\/@se\/115803264276970778","error":""},"_links":{"self":[{"href":"https:\/\/www.europesays.com\/se\/wp-json\/wp\/v2\/posts\/119850","targetHints":{"allow":["GET"]}}],"collection":[{"href":"https:\/\/www.europesays.com\/se\/wp-json\/wp\/v2\/posts"}],"about":[{"href":"https:\/\/www.europesays.com\/se\/wp-json\/wp\/v2\/types\/post"}],"author":[{"embeddable":true,"href":"https:\/\/www.europesays.com\/se\/wp-json\/wp\/v2\/users\/2"}],"replies":[{"embeddable":true,"href":"https:\/\/www.europesays.com\/se\/wp-json\/wp\/v2\/comments?post=119850"}],"version-history":[{"count":0,"href":"https:\/\/www.europesays.com\/se\/wp-json\/wp\/v2\/posts\/119850\/revisions"}],"wp:featuredmedia":[{"embeddable":true,"href":"https:\/\/www.europesays.com\/se\/wp-json\/wp\/v2\/media\/119851"}],"wp:attachment":[{"href":"https:\/\/www.europesays.com\/se\/wp-json\/wp\/v2\/media?parent=119850"}],"wp:term":[{"taxonomy":"category","embeddable":true,"href":"https:\/\/www.europesays.com\/se\/wp-json\/wp\/v2\/categories?post=119850"},{"taxonomy":"post_tag","embeddable":true,"href":"https:\/\/www.europesays.com\/se\/wp-json\/wp\/v2\/tags?post=119850"}],"curies":[{"name":"wp","href":"https:\/\/api.w.org\/{rel}","templated":true}]}}