{"id":119864,"date":"2025-12-29T14:21:34","date_gmt":"2025-12-29T14:21:34","guid":{"rendered":"https:\/\/www.europesays.com\/se\/119864\/"},"modified":"2025-12-29T14:21:34","modified_gmt":"2025-12-29T14:21:34","slug":"os-beskedet-kring-linus-ullmark-haller-det-internt-tre-kronor","status":"publish","type":"post","link":"https:\/\/www.europesays.com\/se\/119864\/","title":{"rendered":"OS-beskedet kring Linus Ullmark: \u201dH\u00e5ller det internt\u201d | Tre Kronor"},"content":{"rendered":"<p>Publicerad 29 dec 2025 kl 11.29<\/p>\n<p>I s\u00f6ndags kom beskedet att NHL-stj\u00e4rnan Linus Ullmark tar en paus fr\u00e5n hockeyn p\u00e5 obest\u00e4md tid.<\/p>\n<p>Tre Kronors f\u00f6rbundskapten Sam Hallam vill inte s\u00e4ga vad det inneb\u00e4r f\u00f6r OS.<\/p>\n<p>\u2013 Just i det h\u00e4r fallet h\u00e5ller jag det internt, s\u00e4ger Hallam.<\/p>\n<p><img loading=\"lazy\"   alt=\"\"\/><\/p>\n<p>Sam Hallam<\/p>\n<p>Foto: ANDREAS BECKER \/ EPA KEYSTONE<\/p>\n<p>\u00d6ppna bild i helsk\u00e4rm<img loading=\"lazy\"   alt=\"\"\/><\/p>\n<p>Linus Ullmark<\/p>\n<p>Foto: JOEL MARKLUND \/ BILDBYR\u00c5N<\/p>\n<p>\u00d6ppna bild i helsk\u00e4rm<\/p>\n<p>Det var sent i s\u00f6ndags kv\u00e4ll som beskedet kom att <a href=\"https:\/\/www.expressen.se\/tagg\/person\/linus-ullmark\/\" class=\"\" rel=\"nofollow noopener\" target=\"_blank\">Linus Ullmark<\/a>, utsedd till NHL:s b\u00e4ste m\u00e5lvakt 2023, tar en paus fr\u00e5n ishockeyn p\u00e5 obest\u00e4md tid av personliga sk\u00e4l.<\/p>\n<p>Bara n\u00e5gra dagar innan Sam Hallam p\u00e5 fredag ska presentera Tre Kronors trupp till OS i Milano-Cortina i februari.<\/p>\n<p>Uppgifterna fr\u00e5n Ottawa var knapph\u00e4ndiga.<\/p>\n<p>\u201dAv respekt f\u00f6r Linus kommer vi inte att l\u00e4mna n\u00e5gra ytterligare kommentarer\u201d, skrev Ottawa i ett pressmeddelande.<\/p>\n<p>Sam Hallam vill inte svara p\u00e5 om Linus Ullmark \u00e4r tillg\u00e4nglig f\u00f6r OS.<\/p>\n<p>\u2013 Det \u00e4r ganska tydligt med den lilla information som har g\u00e5tt ut att det \u00e4r inget man pratar om just nu, det \u00e4r Linus som \u00e4ger den fr\u00e5gan. Det viktigaste \u00e4r bara att Linus m\u00e5r bra, s\u00e4ger Sam Hallam.<\/p>\n<p>F\u00f6rsta sedan 2014<\/p>\n<p>Linus Ullmark har haft en s\u00e4song som varit upp och ned. Sett till antal segrar \u00e4r 32-\u00e5rige Ullmark \u00e5tta i NHL:s m\u00e5lvaktsliga med 14 segrar, men n\u00e4r det g\u00e4ller r\u00e4ddningsprocent \u00e5terfinns svensken f\u00f6rst p\u00e5 52:a plats med 88,1 procent.<\/p>\n<p>I den sistn\u00e4mnda kategorin \u00e4r stj\u00e4rnskottet Jesper Wallstedt, Minnesota, etta med 92,1 procent.<\/p>\n<p>OS-turneringen i Milano blir den f\u00f6rsta sedan Sotji 2014 d\u00e4r NHL-spelare \u00e4r tillg\u00e4ngliga f\u00f6r spel.\u00a0<\/p>\n<p><strong>L\u00c4S MER: <\/strong><a href=\"https:\/\/www.expressen.se\/sport\/hockey\/nhl\/beskedet-om-linus-ullmark-tar-paus-av-privata-skal\/\" class=\"\" rel=\"nofollow noopener\" target=\"_blank\">Beskedet om Linus Ullmark: Tar paus av privata sk\u00e4l<\/a><strong>L\u00c4S MER: <\/strong><a href=\"https:\/\/www.expressen.se\/sport\/hockey\/nhl\/william-nylander-lamnade-skadad\/\" class=\"\" rel=\"nofollow noopener\" target=\"_blank\">William Nylander l\u00e4mnade skadad<\/a><\/p>\n","protected":false},"excerpt":{"rendered":"Publicerad 29 dec 2025 kl 11.29 I s\u00f6ndags kom beskedet att NHL-stj\u00e4rnan Linus Ullmark tar en paus fr\u00e5n&hellip;\n","protected":false},"author":2,"featured_media":119865,"comment_status":"","ping_status":"","sticky":false,"template":"","format":"standard","meta":{"footnotes":""},"categories":[68],"tags":[1176,1169,12254,34,255,4674,111,110,31,33,32,30],"class_list":{"0":"post-119864","1":"post","2":"type-post","3":"status-publish","4":"format-standard","5":"has-post-thumbnail","7":"category-sport","8":"tag-organization-os","9":"tag-organization-tre-kronor","10":"tag-person-linus-ullmark","11":"tag-se","12":"tag-sections-ishockey","13":"tag-sections-trekronor","14":"tag-sport","15":"tag-sports","16":"tag-svenska","17":"tag-sverige","18":"tag-sweden","19":"tag-swedish"},"share_on_mastodon":{"url":"https:\/\/pubeurope.com\/@se\/115803303709556634","error":""},"_links":{"self":[{"href":"https:\/\/www.europesays.com\/se\/wp-json\/wp\/v2\/posts\/119864","targetHints":{"allow":["GET"]}}],"collection":[{"href":"https:\/\/www.europesays.com\/se\/wp-json\/wp\/v2\/posts"}],"about":[{"href":"https:\/\/www.europesays.com\/se\/wp-json\/wp\/v2\/types\/post"}],"author":[{"embeddable":true,"href":"https:\/\/www.europesays.com\/se\/wp-json\/wp\/v2\/users\/2"}],"replies":[{"embeddable":true,"href":"https:\/\/www.europesays.com\/se\/wp-json\/wp\/v2\/comments?post=119864"}],"version-history":[{"count":0,"href":"https:\/\/www.europesays.com\/se\/wp-json\/wp\/v2\/posts\/119864\/revisions"}],"wp:featuredmedia":[{"embeddable":true,"href":"https:\/\/www.europesays.com\/se\/wp-json\/wp\/v2\/media\/119865"}],"wp:attachment":[{"href":"https:\/\/www.europesays.com\/se\/wp-json\/wp\/v2\/media?parent=119864"}],"wp:term":[{"taxonomy":"category","embeddable":true,"href":"https:\/\/www.europesays.com\/se\/wp-json\/wp\/v2\/categories?post=119864"},{"taxonomy":"post_tag","embeddable":true,"href":"https:\/\/www.europesays.com\/se\/wp-json\/wp\/v2\/tags?post=119864"}],"curies":[{"name":"wp","href":"https:\/\/api.w.org\/{rel}","templated":true}]}}