{"id":119868,"date":"2025-12-29T14:24:10","date_gmt":"2025-12-29T14:24:10","guid":{"rendered":"https:\/\/www.europesays.com\/se\/119868\/"},"modified":"2025-12-29T14:24:10","modified_gmt":"2025-12-29T14:24:10","slug":"rekordlag-valutakurs-risk-for-hyperinflation","status":"publish","type":"post","link":"https:\/\/www.europesays.com\/se\/119868\/","title":{"rendered":"Rekordl\u00e5g valutakurs \u2013 risk f\u00f6r hyperinflation"},"content":{"rendered":"<p>Den iranska valutan rial har n\u00e5tt rekordl\u00e5ga niv\u00e5er gentemot dollarn, och bed\u00f6mare ser tecken p\u00e5 hyperinflation, rapporterar AP.<\/p>\n<p>Enligt den statliga statistikbyr\u00e5n steg inflationstakten till 42,2 procent i december j\u00e4mf\u00f6rt med samma period i fjol. Matpriserna har stigit med 72 procent och medicinpriserna med 50 procent under samma period.<\/p>\n<p>Iranska statliga medier har rapporterat att regeringen planerar nya skatter fr\u00e5n det iranska ny\u00e5ret den 21 mars, vilket har sp\u00e4tt p\u00e5 oron.<\/p>\n<p>Omni \u00e4r politiskt obundna och oberoende. Vi str\u00e4var efter att ge fler perspektiv p\u00e5 nyheterna. Har du fr\u00e5gor eller synpunkter kring v\u00e5r rapportering? <a href=\"https:\/\/omni.se\/rekordlag-valutakurs-risk-for-hyperinflation\/a\/mailto:redaktion@omni.se\" class=\"ArticleActions_contactLink__W2F1M\" rel=\"nofollow noopener\" target=\"_blank\">Kontakta redaktionen<\/a><\/p>\n","protected":false},"excerpt":{"rendered":"Den iranska valutan rial har n\u00e5tt rekordl\u00e5ga niv\u00e5er gentemot dollarn, och bed\u00f6mare ser tecken p\u00e5 hyperinflation, rapporterar AP.&hellip;\n","protected":false},"author":2,"featured_media":119869,"comment_status":"","ping_status":"","sticky":false,"template":"","format":"standard","meta":{"footnotes":""},"categories":[65],"tags":[72,70,71,1530,124,34,31,33,32,30],"class_list":{"0":"post-119868","1":"post","2":"type-post","3":"status-publish","4":"format-standard","5":"has-post-thumbnail","7":"category-ekonomi","8":"tag-business","9":"tag-economy","10":"tag-ekonomi","11":"tag-iran","12":"tag-mellanostern","13":"tag-se","14":"tag-svenska","15":"tag-sverige","16":"tag-sweden","17":"tag-swedish"},"share_on_mastodon":{"url":"https:\/\/pubeurope.com\/@se\/115803315452216034","error":""},"_links":{"self":[{"href":"https:\/\/www.europesays.com\/se\/wp-json\/wp\/v2\/posts\/119868","targetHints":{"allow":["GET"]}}],"collection":[{"href":"https:\/\/www.europesays.com\/se\/wp-json\/wp\/v2\/posts"}],"about":[{"href":"https:\/\/www.europesays.com\/se\/wp-json\/wp\/v2\/types\/post"}],"author":[{"embeddable":true,"href":"https:\/\/www.europesays.com\/se\/wp-json\/wp\/v2\/users\/2"}],"replies":[{"embeddable":true,"href":"https:\/\/www.europesays.com\/se\/wp-json\/wp\/v2\/comments?post=119868"}],"version-history":[{"count":0,"href":"https:\/\/www.europesays.com\/se\/wp-json\/wp\/v2\/posts\/119868\/revisions"}],"wp:featuredmedia":[{"embeddable":true,"href":"https:\/\/www.europesays.com\/se\/wp-json\/wp\/v2\/media\/119869"}],"wp:attachment":[{"href":"https:\/\/www.europesays.com\/se\/wp-json\/wp\/v2\/media?parent=119868"}],"wp:term":[{"taxonomy":"category","embeddable":true,"href":"https:\/\/www.europesays.com\/se\/wp-json\/wp\/v2\/categories?post=119868"},{"taxonomy":"post_tag","embeddable":true,"href":"https:\/\/www.europesays.com\/se\/wp-json\/wp\/v2\/tags?post=119868"}],"curies":[{"name":"wp","href":"https:\/\/api.w.org\/{rel}","templated":true}]}}