{"id":119870,"date":"2025-12-29T14:25:08","date_gmt":"2025-12-29T14:25:08","guid":{"rendered":"https:\/\/www.europesays.com\/se\/119870\/"},"modified":"2025-12-29T14:25:08","modified_gmt":"2025-12-29T14:25:08","slug":"al-fashir-det-manskliga-lidandets-epicentrum","status":"publish","type":"post","link":"https:\/\/www.europesays.com\/se\/119870\/","title":{"rendered":"al-Fashir \u201ddet m\u00e4nskliga lidandets epicentrum\u201d"},"content":{"rendered":"<p>share-arrowDela<\/p>\n<p>unsaveSpara<\/p>\n<p>expand-left<\/p>\n<p>helsk\u00e4rm<img decoding=\"async\" class=\"image-asset hyperion-css-u06ts1\" data-test-tag=\"image-asset\" src=\"https:\/\/www.europesays.com\/se\/wp-content\/uploads\/2025\/12\/b398f01c-b23e-4190-ad79-c86c12316c76.jpeg\"  alt=\"Satellitbild av al-Fashir. H\u00e5rda strider har f\u00f6rst\u00f6rt stora delar av bebyggelsen. Arkivbild.\"  loading=\"eager\" fetchpriority=\"high\" style=\"aspect-ratio:1900 \/ 1267\"\/>Satellitbild av al-Fashir. H\u00e5rda strider har f\u00f6rst\u00f6rt stora delar av bebyggelsen. Arkivbild. Foto: Planet Labs Pbc\/AP\/TT<\/p>\n<p class=\"hyperion-css-1shl3oz\" data-test-tag=\"lead-text\">Underm\u00e5liga sanit\u00e4ra f\u00f6rh\u00e5llanden, vattenbrist och hunger. Det \u00e4r vardagen f\u00f6r de som \u00e4r kvar i staden al-Fashir i inb\u00f6rdeskrigets Sudan.<\/p>\n<p class=\"hyperion-css-1v9qo5x\">Er\u00f6vringen av el-Fashir av de paramilit\u00e4ra styrkorna Rapid Support Forces (RSF) i oktober f\u00f6ljdes av rapporter om massakrer, tortyr, sexuellt v\u00e5ld och \u00f6vergrepp.<\/p>\n<p class=\"hyperion-css-1v9qo5x\">Enligt AFP tyder satellitbilder p\u00e5 att det finns massgravar i staden.<\/p>\n<p class=\"hyperion-css-1v9qo5x\">N\u00e4r FN s\u00e5 f\u00e5r tilltr\u00e4de till staden efter n\u00e4stan tv\u00e5 \u00e5r \u00e4r omd\u00f6met dystert.<\/p>\n<p class=\"hyperion-css-1v9qo5x\">\u2013 M\u00e4nniskorna lever under mycket primitiva f\u00f6rh\u00e5llanden, med plastpresenningar, utan sanit\u00e4ra anl\u00e4ggningar och utan vatten. Det \u00e4r allts\u00e5 mycket ov\u00e4rdiga och os\u00e4kra f\u00f6rh\u00e5llanden f\u00f6r dessa m\u00e4nniskor, s\u00e4ger Denise Brown, FN:s humanit\u00e4ra koordinator i Sudan.<\/p>\n<p class=\"hyperion-css-1v9qo5x\">Fr\u00e5n ett humanit\u00e4rt perspektiv \u00e4r el-Fashir \u201ddet m\u00e4nskliga lidandets epicentrum\u201d, forts\u00e4tter hon.<\/p>\n<p class=\"hyperion-css-1v9qo5x\">Det blodiga inb\u00f6rdeskriget mellan Sudans regulj\u00e4ra arm\u00e9 och paramilit\u00e4ra RSF br\u00f6t ut i april 2023. I kriget har tiotusentals m\u00e4nniskor d\u00f6dats och 12 miljoner m\u00e4nniskor drivits p\u00e5 flykt, vilket f\u00e5tt FN att att klassa konflikten som v\u00e4rldens v\u00e4rsta humanit\u00e4ra kris f\u00f6r n\u00e4rvarande.<\/p>\n","protected":false},"excerpt":{"rendered":"share-arrowDela unsaveSpara expand-left helsk\u00e4rmSatellitbild av al-Fashir. H\u00e5rda strider har f\u00f6rst\u00f6rt stora delar av bebyggelsen. Arkivbild. Foto: Planet Labs&hellip;\n","protected":false},"author":2,"featured_media":119871,"comment_status":"","ping_status":"","sticky":false,"template":"","format":"standard","meta":{"footnotes":""},"categories":[14],"tags":[22,23,26,27,17,21,24,25,28,29,15,16,18,34,31,33,32,30,19,20,51,52,53,54],"class_list":{"0":"post-119870","1":"post","2":"type-post","3":"status-publish","4":"format-standard","5":"has-post-thumbnail","7":"category-varlden","8":"tag-breaking-news","9":"tag-breakingnews","10":"tag-featured-news","11":"tag-featurednews","12":"tag-headlines","13":"tag-huvudnyheter","14":"tag-latest-news","15":"tag-latestnews","16":"tag-main-news","17":"tag-mainnews","18":"tag-news","19":"tag-nyheter","20":"tag-rubriker","21":"tag-se","22":"tag-svenska","23":"tag-sverige","24":"tag-sweden","25":"tag-swedish","26":"tag-top-stories","27":"tag-topstories","28":"tag-varlden","29":"tag-world","30":"tag-world-news","31":"tag-worldnews"},"share_on_mastodon":{"url":"https:\/\/pubeurope.com\/@se\/115803319373863885","error":""},"_links":{"self":[{"href":"https:\/\/www.europesays.com\/se\/wp-json\/wp\/v2\/posts\/119870","targetHints":{"allow":["GET"]}}],"collection":[{"href":"https:\/\/www.europesays.com\/se\/wp-json\/wp\/v2\/posts"}],"about":[{"href":"https:\/\/www.europesays.com\/se\/wp-json\/wp\/v2\/types\/post"}],"author":[{"embeddable":true,"href":"https:\/\/www.europesays.com\/se\/wp-json\/wp\/v2\/users\/2"}],"replies":[{"embeddable":true,"href":"https:\/\/www.europesays.com\/se\/wp-json\/wp\/v2\/comments?post=119870"}],"version-history":[{"count":0,"href":"https:\/\/www.europesays.com\/se\/wp-json\/wp\/v2\/posts\/119870\/revisions"}],"wp:featuredmedia":[{"embeddable":true,"href":"https:\/\/www.europesays.com\/se\/wp-json\/wp\/v2\/media\/119871"}],"wp:attachment":[{"href":"https:\/\/www.europesays.com\/se\/wp-json\/wp\/v2\/media?parent=119870"}],"wp:term":[{"taxonomy":"category","embeddable":true,"href":"https:\/\/www.europesays.com\/se\/wp-json\/wp\/v2\/categories?post=119870"},{"taxonomy":"post_tag","embeddable":true,"href":"https:\/\/www.europesays.com\/se\/wp-json\/wp\/v2\/tags?post=119870"}],"curies":[{"name":"wp","href":"https:\/\/api.w.org\/{rel}","templated":true}]}}