{"id":119872,"date":"2025-12-29T14:26:11","date_gmt":"2025-12-29T14:26:11","guid":{"rendered":"https:\/\/www.europesays.com\/se\/119872\/"},"modified":"2025-12-29T14:26:11","modified_gmt":"2025-12-29T14:26:11","slug":"atalas-for-mord-pa-aldre-man-i-skurup","status":"publish","type":"post","link":"https:\/\/www.europesays.com\/se\/119872\/","title":{"rendered":"\u00c5talas f\u00f6r mord p\u00e5 \u00e4ldre man i Skurup"},"content":{"rendered":"<p>Det var i september tidigare i \u00e5r som en man i 80-\u00e5rs\u00e5ldern larmade p\u00e5 sitt trygghetslarm och kallade p\u00e5 hj\u00e4lp. <\/p>\n<p>N\u00e4r hemtj\u00e4nsten kom var mannen sv\u00e5rt skadad och f\u00f6rdes med ambulans till sjukhus d\u00e4r han konstaterades d\u00f6d. <\/p>\n<p>Enligt \u00e5talet ska han ha blivit knivhuggen ett stort antal g\u00e5nger i kroppen och huvudet. <\/p>\n<p>Tidigare inbrott<\/p>\n<p>Kristina Wedelsb\u00e4ck \u00e4r \u00e5klagare och ber\u00e4ttar att den \u00e5talade mannen inte hade n\u00e5gon k\u00e4nd relation till offret. Han kan dock kopplas till ett inbrott i den \u00e4ldre mannens bostad f\u00f6r cirka tv\u00e5 \u00e5r sedan, d\u00e4r han enligt mord\u00e5talet ska ha stulit tabletter. <\/p>\n<p>\u2013 Man kan ju t\u00e4nka sig att han har f\u00e5tt nys om att det var l\u00e4tt att g\u00e5 in d\u00e4r, och att det var det som gjorde att han gick in igen, s\u00e4ger Wedelsb\u00e4ck.<\/p>\n<p>Mannen i 20-\u00e5rs\u00e5ldern nekar till brott.<\/p>\n","protected":false},"excerpt":{"rendered":"Det var i september tidigare i \u00e5r som en man i 80-\u00e5rs\u00e5ldern larmade p\u00e5 sitt trygghetslarm och kallade&hellip;\n","protected":false},"author":2,"featured_media":119873,"comment_status":"","ping_status":"","sticky":false,"template":"","format":"standard","meta":{"footnotes":""},"categories":[12],"tags":[22,23,26,27,17,21,24,25,28,29,15,16,18,34,31,33,32,30,19,20],"class_list":{"0":"post-119872","1":"post","2":"type-post","3":"status-publish","4":"format-standard","5":"has-post-thumbnail","7":"category-sverige","8":"tag-breaking-news","9":"tag-breakingnews","10":"tag-featured-news","11":"tag-featurednews","12":"tag-headlines","13":"tag-huvudnyheter","14":"tag-latest-news","15":"tag-latestnews","16":"tag-main-news","17":"tag-mainnews","18":"tag-news","19":"tag-nyheter","20":"tag-rubriker","21":"tag-se","22":"tag-svenska","23":"tag-sverige","24":"tag-sweden","25":"tag-swedish","26":"tag-top-stories","27":"tag-topstories"},"share_on_mastodon":{"url":"https:\/\/pubeurope.com\/@se\/115803323334657567","error":""},"_links":{"self":[{"href":"https:\/\/www.europesays.com\/se\/wp-json\/wp\/v2\/posts\/119872","targetHints":{"allow":["GET"]}}],"collection":[{"href":"https:\/\/www.europesays.com\/se\/wp-json\/wp\/v2\/posts"}],"about":[{"href":"https:\/\/www.europesays.com\/se\/wp-json\/wp\/v2\/types\/post"}],"author":[{"embeddable":true,"href":"https:\/\/www.europesays.com\/se\/wp-json\/wp\/v2\/users\/2"}],"replies":[{"embeddable":true,"href":"https:\/\/www.europesays.com\/se\/wp-json\/wp\/v2\/comments?post=119872"}],"version-history":[{"count":0,"href":"https:\/\/www.europesays.com\/se\/wp-json\/wp\/v2\/posts\/119872\/revisions"}],"wp:featuredmedia":[{"embeddable":true,"href":"https:\/\/www.europesays.com\/se\/wp-json\/wp\/v2\/media\/119873"}],"wp:attachment":[{"href":"https:\/\/www.europesays.com\/se\/wp-json\/wp\/v2\/media?parent=119872"}],"wp:term":[{"taxonomy":"category","embeddable":true,"href":"https:\/\/www.europesays.com\/se\/wp-json\/wp\/v2\/categories?post=119872"},{"taxonomy":"post_tag","embeddable":true,"href":"https:\/\/www.europesays.com\/se\/wp-json\/wp\/v2\/tags?post=119872"}],"curies":[{"name":"wp","href":"https:\/\/api.w.org\/{rel}","templated":true}]}}