{"id":119874,"date":"2025-12-29T14:27:08","date_gmt":"2025-12-29T14:27:08","guid":{"rendered":"https:\/\/www.europesays.com\/se\/119874\/"},"modified":"2025-12-29T14:27:08","modified_gmt":"2025-12-29T14:27:08","slug":"aldre-man-knivhoggs-atalas-for-mord","status":"publish","type":"post","link":"https:\/\/www.europesays.com\/se\/119874\/","title":{"rendered":"\u00c4ldre man knivh\u00f6ggs \u2013 \u00e5talas f\u00f6r mord"},"content":{"rendered":"<p class=\"boxtextgrotesk-root_baa6 hyperion-css-7pajle\">Uppdaterad 14.25 | Publicerad 13.15<\/p>\n<p>share-arrowDela<\/p>\n<p>unsaveSpara<\/p>\n<p>expand-left<\/p>\n<p>helsk\u00e4rm<img decoding=\"async\" class=\"image-asset hyperion-css-u06ts1\" data-test-tag=\"image-asset\" src=\"https:\/\/www.europesays.com\/se\/wp-content\/uploads\/2025\/12\/033e2c61-38ea-422b-86c4-78f47e3de107.jpeg\"  alt=\"Man \u00e5talas vid Ystads tingsr\u00e4tt f\u00f6r mord p\u00e5 en \u00e4ldre man. Arkivbild.\"  loading=\"eager\" fetchpriority=\"high\" style=\"aspect-ratio:1900 \/ 1267\"\/>Man \u00e5talas vid Ystads tingsr\u00e4tt f\u00f6r mord p\u00e5 en \u00e4ldre man. Arkivbild. Foto: Stig-\u00c5ke J\u00f6nsson\/TT<\/p>\n<p class=\"hyperion-css-1shl3oz\" data-test-tag=\"lead-text\">En man i 20-\u00e5rs\u00e5ldern \u00e5talas f\u00f6r mord p\u00e5 en man i 80-\u00e5rs\u00e5ldern.<\/p>\n<p class=\"hyperion-css-1v9qo5x\">Mordet beskrivs som s\u00e4rskilt h\u00e4nsynsl\u00f6st eftersom det r\u00f6r sig om ett brott mot en \u00e4ldre och f\u00f6rsvagad person.<\/p>\n<p class=\"hyperion-css-1v9qo5x\">Mannen hittades skadad i en bostad i en mindre ort i Skurups kommun i b\u00f6rjan av september. Enligt \u00e5talet h\u00f6ggs han med kniv ett flertal g\u00e5nger.<\/p>\n<p class=\"hyperion-css-1v9qo5x\">Han f\u00f6rdes med ambulans till sjukhus d\u00e4r han konstaterades d\u00f6d. Larmet kom fr\u00e5n personal i hemtj\u00e4nsten, som hittade mannen med skador p\u00e5 kroppen.<\/p>\n<p class=\"hyperion-css-1v9qo5x\">Kristina Wedelsb\u00e4ck \u00e4r \u00e5klagare och ber\u00e4ttar att den \u00e5talade mannen inte hade n\u00e5gon k\u00e4nd relation till offret.<\/p>\n<p class=\"hyperion-css-1v9qo5x\">Han kan dock kopplas till ett inbrott i den \u00e4ldre mannens bostad f\u00f6r cirka tv\u00e5 \u00e5r sedan.<\/p>\n<p class=\"hyperion-css-1v9qo5x\">\u2013 Man kan ju t\u00e4nka sig att han har f\u00e5tt nys om att det var l\u00e4tt att g\u00e5 in d\u00e4r, och att det var det som gjorde att han gick in igen, s\u00e4ger Wedelsb\u00e4ck.<\/p>\n<p class=\"hyperion-css-1v9qo5x\">Mannen i 20-\u00e5rs\u00e5ldern nekar till brott.<\/p>\n","protected":false},"excerpt":{"rendered":"Uppdaterad 14.25 | Publicerad 13.15 share-arrowDela unsaveSpara expand-left helsk\u00e4rmMan \u00e5talas vid Ystads tingsr\u00e4tt f\u00f6r mord p\u00e5 en \u00e4ldre&hellip;\n","protected":false},"author":2,"featured_media":119875,"comment_status":"","ping_status":"","sticky":false,"template":"","format":"standard","meta":{"footnotes":""},"categories":[5],"tags":[22,23,26,27,17,21,24,25,28,29,15,16,18,34,31,33,32,30,19,20],"class_list":{"0":"post-119874","1":"post","2":"type-post","3":"status-publish","4":"format-standard","5":"has-post-thumbnail","7":"category-rubriker","8":"tag-breaking-news","9":"tag-breakingnews","10":"tag-featured-news","11":"tag-featurednews","12":"tag-headlines","13":"tag-huvudnyheter","14":"tag-latest-news","15":"tag-latestnews","16":"tag-main-news","17":"tag-mainnews","18":"tag-news","19":"tag-nyheter","20":"tag-rubriker","21":"tag-se","22":"tag-svenska","23":"tag-sverige","24":"tag-sweden","25":"tag-swedish","26":"tag-top-stories","27":"tag-topstories"},"share_on_mastodon":{"url":"https:\/\/pubeurope.com\/@se\/115803327200243042","error":""},"_links":{"self":[{"href":"https:\/\/www.europesays.com\/se\/wp-json\/wp\/v2\/posts\/119874","targetHints":{"allow":["GET"]}}],"collection":[{"href":"https:\/\/www.europesays.com\/se\/wp-json\/wp\/v2\/posts"}],"about":[{"href":"https:\/\/www.europesays.com\/se\/wp-json\/wp\/v2\/types\/post"}],"author":[{"embeddable":true,"href":"https:\/\/www.europesays.com\/se\/wp-json\/wp\/v2\/users\/2"}],"replies":[{"embeddable":true,"href":"https:\/\/www.europesays.com\/se\/wp-json\/wp\/v2\/comments?post=119874"}],"version-history":[{"count":0,"href":"https:\/\/www.europesays.com\/se\/wp-json\/wp\/v2\/posts\/119874\/revisions"}],"wp:featuredmedia":[{"embeddable":true,"href":"https:\/\/www.europesays.com\/se\/wp-json\/wp\/v2\/media\/119875"}],"wp:attachment":[{"href":"https:\/\/www.europesays.com\/se\/wp-json\/wp\/v2\/media?parent=119874"}],"wp:term":[{"taxonomy":"category","embeddable":true,"href":"https:\/\/www.europesays.com\/se\/wp-json\/wp\/v2\/categories?post=119874"},{"taxonomy":"post_tag","embeddable":true,"href":"https:\/\/www.europesays.com\/se\/wp-json\/wp\/v2\/tags?post=119874"}],"curies":[{"name":"wp","href":"https:\/\/api.w.org\/{rel}","templated":true}]}}