{"id":119878,"date":"2025-12-29T14:34:13","date_gmt":"2025-12-29T14:34:13","guid":{"rendered":"https:\/\/www.europesays.com\/se\/119878\/"},"modified":"2025-12-29T14:34:13","modified_gmt":"2025-12-29T14:34:13","slug":"jushua-tree-vinner-prix-de-bourgogne","status":"publish","type":"post","link":"https:\/\/www.europesays.com\/se\/119878\/","title":{"rendered":"Jushua Tree vinner Prix de Bourgogne"},"content":{"rendered":"<p>Jushua Tree vann Prix de Bourgogne \u2022 Elitloppsvinnaren tv\u00e5a \u2013 kan \u00f6ppna f\u00f6r svenskhoppet<a data-test-tag=\"internal-link\" href=\"https:\/\/www.aftonbladet.se\/av\/daniel-soderback\" class=\"hyperion-css-13ns1rr\" rel=\"nofollow noopener\" target=\"\" aria-label=\"Se alla artiklar av Daniel S\u00f6derb\u00e4ck\"><img decoding=\"async\" class=\"image-asset hyperion-css-n6kkq1\" data-test-tag=\"image-asset\" src=\"https:\/\/www.europesays.com\/se\/wp-content\/uploads\/2025\/12\/8beae7be-3be2-45da-b868-a42c79c28435.png\"  alt=\"\"  loading=\"lazy\" fetchpriority=\"auto\" style=\"aspect-ratio:1900 \/ 1900\"\/><\/a><\/p>\n<p class=\"boxtextgrotesk-root_baa6 hyperion-css-1w346fg\">Publicerad 2025-12-28 15.37<\/p>\n<p>share-arrowDela<\/p>\n<p>unsaveSpara<\/p>\n<p>expand-left<\/p>\n<p>helsk\u00e4rm<img decoding=\"async\" class=\"image-asset hyperion-css-u06ts1\" data-test-tag=\"image-asset\" src=\"https:\/\/www.europesays.com\/se\/wp-content\/uploads\/2025\/12\/d6a40a10-e504-4090-ae1b-8f91fe57a810.jpeg\"  alt=\"Jushua Tree vinner Prix de Bourgogne.\"  loading=\"eager\" fetchpriority=\"high\" style=\"aspect-ratio:1200 \/ 600\"\/>Jushua Tree vinner Prix de Bourgogne. Foto: Atg Live<\/p>\n<p class=\"hyperion-css-1shl3oz\" data-test-tag=\"lead-text\">Den franske stj\u00e4rnh\u00e4sten Jushua Tree vinner Prix de Bourgogne.<\/p>\n<p class=\"hyperion-css-1shl3oz\" data-test-tag=\"lead-text\">Tv\u00e5a i m\u00e5l kom Elitloppsvinnaren Go on Boy som nu \u00e4r klar f\u00f6r Prix d\u2019Am\u00e9rique.<\/p>\n<p class=\"hyperion-css-1shl3oz\" data-test-tag=\"lead-text\">\u2013 Jushua Tree st\u00e4rkte sina aktier inf\u00f6r Prix d\u2019Am\u00e9rique, s\u00e4ger Robin Malmgren i TV12.<\/p>\n<p class=\"hyperion-css-1v9qo5x\">Jean\u2013Michel Bazire och superh\u00e4sten Jushua Tree \u00e4r redan klara f\u00f6r Prix d\u2019Am\u00e9rique. Och duon \u00e4r en av f\u00f6rhandsfavoriterna.<\/p>\n<p class=\"hyperion-css-1v9qo5x\">Under s\u00f6ndagen vann man storloppet Prix de Bourgogne \u00f6ver 2 100 meter med bilstart p\u00e5 Vincennes.<\/p>\n<p>\u201dInte d\u00e4r f\u00f6r dagen\u201d<\/p>\n<p class=\"hyperion-css-1v9qo5x\">Tv\u00e5a i m\u00e5l kom Elitloppsvinnaren Go on Boy, som nu ocks\u00e5 \u00e4r klar f\u00f6r Prix d\u2019Am\u00e9rique s\u00f6ndagen den 25 januari.<\/p>\n<p class=\"hyperion-css-1v9qo5x\">\u2013 Det var otroligt kul att se Jushua Tree, s\u00e4ger Lucas Hellgren i TV12.<\/p>\n<p class=\"hyperion-css-1v9qo5x\">Expertkollegan Robin Malmgren menade p\u00e5 att Go on Boy borde vunnit loppet.<\/p>\n<p class=\"hyperion-css-1v9qo5x\">\u2013 Han var inte d\u00e4r f\u00f6r dagen Go on Boy. Han ska vinna med den luckan, men dom \u00e4r bra p\u00e5 att st\u00e4lla i ordning till sista s\u00f6ndagen i januari, s\u00e4ger han.<\/p>\n<p>\u00d6ppnar f\u00f6r Francesco Zet<\/p>\n<p class=\"hyperion-css-1v9qo5x\">Att Go on Boy tog sig vidare direkt till Prix d\u2019Am\u00e9rique kan f\u00e5 positiva konsekvenser f\u00f6r Daniel Red\u00e9ns Francesco Zet som l\u00e4r komma in i loppet p\u00e5 intj\u00e4nade pengar, om man bara vill.<\/p>\n<p class=\"hyperion-css-1v9qo5x\">Daniel Red\u00e9n har inte st\u00e4ngt d\u00f6rren f\u00f6r en start i storloppet.<\/p>\n<p class=\"hyperion-css-1v9qo5x\">\u2013 Vi f\u00e5r se. Det finns tankar, men jag vill inte sp\u00e5na iv\u00e4g. S\u00e5 f\u00e5r vi forts\u00e4tta planera sen, sa Daniel Red\u00e9n efter Francesco Zets seger p\u00e5 annandagen.<\/p>\n<p class=\"hyperion-css-1v9qo5x\">Trea i loppet kom Inmarosa som redan \u00e4r klar f\u00f6r Prix d\u2019Am\u00e9rique. Fyra blev Hokkaido Jet, som tar en plats i storloppet.<\/p>\n<p class=\"hyperion-css-1v9qo5x\">Mattias Djuses Icebreaker slutade sexa i loppet. Prix d\u2019Am\u00e9rique-klare Borups Victory blev \u00e5tta och Daniel Red\u00e9ns Crown hamnade p\u00e5 plats 13.<\/p>\n<p class=\"hyperion-css-1v9qo5x\">Segern i loppet var v\u00e4rd 54 000 euro, motsvarande 582 000 kronor.<\/p>\n<p>check Klara f\u00f6r Prix d\u2019Am\u00e9rique:<\/p>\n<p class=\"hyperion-css-1v9qo5x\">Inmarosa<\/p>\n<p class=\"hyperion-css-1v9qo5x\">Keep Going<\/p>\n<p class=\"hyperion-css-1v9qo5x\">Izoard Vedaquais<\/p>\n<p class=\"hyperion-css-1v9qo5x\">Harmony Du Rabutin<\/p>\n<p class=\"hyperion-css-1v9qo5x\">Josh Power<\/p>\n<p class=\"hyperion-css-1v9qo5x\">Jushua Tree<\/p>\n<p class=\"hyperion-css-1v9qo5x\"><strong>Borups Victory \u2013 Daniel W\u00e4jersten<\/strong><\/p>\n<p class=\"hyperion-css-1v9qo5x\">J\u2019Aime Le Foot<\/p>\n<p class=\"hyperion-css-1v9qo5x\"><strong>Epic Kronos \u2013 Daniel Red\u00e9n<\/strong><\/p>\n<p class=\"hyperion-css-1v9qo5x\">Liza Josselyn<\/p>\n<p class=\"hyperion-css-1v9qo5x\">Go on Boy<\/p>\n<p class=\"hyperion-css-1v9qo5x\">Hokkaido Jet<\/p>\n","protected":false},"excerpt":{"rendered":"Jushua Tree vann Prix de Bourgogne \u2022 Elitloppsvinnaren tv\u00e5a \u2013 kan \u00f6ppna f\u00f6r svenskhoppet Publicerad 2025-12-28 15.37 share-arrowDela&hellip;\n","protected":false},"author":2,"featured_media":119879,"comment_status":"","ping_status":"","sticky":false,"template":"","format":"standard","meta":{"footnotes":""},"categories":[67],"tags":[104,34,31,33,32,30,105],"class_list":{"0":"post-119878","1":"post","2":"type-post","3":"status-publish","4":"format-standard","5":"has-post-thumbnail","7":"category-underhallning","8":"tag-entertainment","9":"tag-se","10":"tag-svenska","11":"tag-sverige","12":"tag-sweden","13":"tag-swedish","14":"tag-underhallning"},"share_on_mastodon":{"url":"https:\/\/pubeurope.com\/@se\/115803354736573762","error":""},"_links":{"self":[{"href":"https:\/\/www.europesays.com\/se\/wp-json\/wp\/v2\/posts\/119878","targetHints":{"allow":["GET"]}}],"collection":[{"href":"https:\/\/www.europesays.com\/se\/wp-json\/wp\/v2\/posts"}],"about":[{"href":"https:\/\/www.europesays.com\/se\/wp-json\/wp\/v2\/types\/post"}],"author":[{"embeddable":true,"href":"https:\/\/www.europesays.com\/se\/wp-json\/wp\/v2\/users\/2"}],"replies":[{"embeddable":true,"href":"https:\/\/www.europesays.com\/se\/wp-json\/wp\/v2\/comments?post=119878"}],"version-history":[{"count":0,"href":"https:\/\/www.europesays.com\/se\/wp-json\/wp\/v2\/posts\/119878\/revisions"}],"wp:featuredmedia":[{"embeddable":true,"href":"https:\/\/www.europesays.com\/se\/wp-json\/wp\/v2\/media\/119879"}],"wp:attachment":[{"href":"https:\/\/www.europesays.com\/se\/wp-json\/wp\/v2\/media?parent=119878"}],"wp:term":[{"taxonomy":"category","embeddable":true,"href":"https:\/\/www.europesays.com\/se\/wp-json\/wp\/v2\/categories?post=119878"},{"taxonomy":"post_tag","embeddable":true,"href":"https:\/\/www.europesays.com\/se\/wp-json\/wp\/v2\/tags?post=119878"}],"curies":[{"name":"wp","href":"https:\/\/api.w.org\/{rel}","templated":true}]}}