{"id":119880,"date":"2025-12-29T14:36:12","date_gmt":"2025-12-29T14:36:12","guid":{"rendered":"https:\/\/www.europesays.com\/se\/119880\/"},"modified":"2025-12-29T14:36:12","modified_gmt":"2025-12-29T14:36:12","slug":"tiden-med-rusande-bostadspriser-ar-over","status":"publish","type":"post","link":"https:\/\/www.europesays.com\/se\/119880\/","title":{"rendered":"Tiden med rusande bostadspriser \u00e4r \u00f6ver"},"content":{"rendered":"<p>Sm\u00e5 prisr\u00f6relser p\u00e5 bostadsmarknaden vittnar om en \u00e5terh\u00e5llsam och avvaktande st\u00e4mning under 2025, s\u00e4ger SEB:s privatekonom Am\u00e9rico Fern\u00e1ndez till EFN. Och enligt m\u00e4klartj\u00e4nsten Booli n\u00e5dde andelen bost\u00e4der d\u00e4r utropspriset beh\u00f6vt justeras ned\u00e5t rekord i \u00e5r.<\/p>\n<p>Fram\u00e5t tror Fern\u00e1ndez p\u00e5 en ny era d\u00e4r fastighetsk\u00f6p inte l\u00e4ngre \u00e4r en \u201dno brainer\u201d.<\/p>\n<p>\u2013 De h\u00e4r 10- till 15-procentiga kliven som vi har sett under de senaste decennierna, den tiden \u00e4r f\u00f6rbi, s\u00e4ger han och sp\u00e5r prisuppg\u00e5ngar p\u00e5 cirka 5 procent n\u00e4sta \u00e5r.<\/p>\n<p>Omni \u00e4r politiskt obundna och oberoende. Vi str\u00e4var efter att ge fler perspektiv p\u00e5 nyheterna. Har du fr\u00e5gor eller synpunkter kring v\u00e5r rapportering? <a href=\"https:\/\/omni.se\/ekonom-tiden-med-rusande-bostadspriser-ar-over\/a\/mailto:redaktion@omni.se\" class=\"ArticleActions_contactLink__W2F1M\" rel=\"nofollow noopener\" target=\"_blank\">Kontakta redaktionen<\/a><\/p>\n","protected":false},"excerpt":{"rendered":"Sm\u00e5 prisr\u00f6relser p\u00e5 bostadsmarknaden vittnar om en \u00e5terh\u00e5llsam och avvaktande st\u00e4mning under 2025, s\u00e4ger SEB:s privatekonom Am\u00e9rico Fern\u00e1ndez&hellip;\n","protected":false},"author":2,"featured_media":119881,"comment_status":"","ping_status":"","sticky":false,"template":"","format":"standard","meta":{"footnotes":""},"categories":[65],"tags":[730,72,1327,70,71,349,34,31,33,32,30],"class_list":{"0":"post-119880","1":"post","2":"type-post","3":"status-publish","4":"format-standard","5":"has-post-thumbnail","7":"category-ekonomi","8":"tag-bostadspriser","9":"tag-business","10":"tag-bygg-fastighet","11":"tag-economy","12":"tag-ekonomi","13":"tag-privatekonomi","14":"tag-se","15":"tag-svenska","16":"tag-sverige","17":"tag-sweden","18":"tag-swedish"},"share_on_mastodon":{"url":"https:\/\/pubeurope.com\/@se\/115803362576575099","error":""},"_links":{"self":[{"href":"https:\/\/www.europesays.com\/se\/wp-json\/wp\/v2\/posts\/119880","targetHints":{"allow":["GET"]}}],"collection":[{"href":"https:\/\/www.europesays.com\/se\/wp-json\/wp\/v2\/posts"}],"about":[{"href":"https:\/\/www.europesays.com\/se\/wp-json\/wp\/v2\/types\/post"}],"author":[{"embeddable":true,"href":"https:\/\/www.europesays.com\/se\/wp-json\/wp\/v2\/users\/2"}],"replies":[{"embeddable":true,"href":"https:\/\/www.europesays.com\/se\/wp-json\/wp\/v2\/comments?post=119880"}],"version-history":[{"count":0,"href":"https:\/\/www.europesays.com\/se\/wp-json\/wp\/v2\/posts\/119880\/revisions"}],"wp:featuredmedia":[{"embeddable":true,"href":"https:\/\/www.europesays.com\/se\/wp-json\/wp\/v2\/media\/119881"}],"wp:attachment":[{"href":"https:\/\/www.europesays.com\/se\/wp-json\/wp\/v2\/media?parent=119880"}],"wp:term":[{"taxonomy":"category","embeddable":true,"href":"https:\/\/www.europesays.com\/se\/wp-json\/wp\/v2\/categories?post=119880"},{"taxonomy":"post_tag","embeddable":true,"href":"https:\/\/www.europesays.com\/se\/wp-json\/wp\/v2\/tags?post=119880"}],"curies":[{"name":"wp","href":"https:\/\/api.w.org\/{rel}","templated":true}]}}