{"id":119886,"date":"2025-12-29T14:40:06","date_gmt":"2025-12-29T14:40:06","guid":{"rendered":"https:\/\/www.europesays.com\/se\/119886\/"},"modified":"2025-12-29T14:40:06","modified_gmt":"2025-12-29T14:40:06","slug":"de-blir-hedersdoktorer-i-lund","status":"publish","type":"post","link":"https:\/\/www.europesays.com\/se\/119886\/","title":{"rendered":"De blir hedersdoktorer i Lund"},"content":{"rendered":"<p class=\"kicker \" style=\"\">Kyrkfolk<\/p>\n<p>    En artist och en professor \u00e4r nya hedersdoktorer.<\/p>\n<p>\n        De nya hedersdoktorerna kommer att ta emot sina utm\u00e4rkelser vid doktorspromotionen i Lund i v\u00e5r. Bilden \u00e4r fr\u00e5n doktorspromotionen i Lund i maj 2025.<br \/>\n        Johan Nilsson\/TT\n    <\/p>\n<p>Det \u00e4r pr\u00e4sten och artisten Bj\u00f8rn Eidsv\u00e5g samt professorn Scott<br \/>\nSpurlock som \u00e4r de nya hedersdoktorerna vid Lunds universitets teologiska fakultet.<br \/>\nEidsv\u00e5g \u00e4r en av Norges folkk\u00e4raste artister och han r\u00f6r sig i gr\u00e4nslandet<br \/>\nmellan visa och rock. Han har kallats f\u00f6r rockpr\u00e4sten och har skrivit en av Norges<br \/>\npopul\u00e4raste begravningss\u00e5nger, Eg ser.<\/p>\n<p>                Prenumerera p\u00e5 Kyrkans Tidning<br \/>\n                Tre m\u00e5nader f\u00f6r 49 kr<br \/>D\u00e4refter 50 % rabatt i ett halv\u00e5r. Avsluta n\u00e4r du vill.<\/p>\n<ul style=\"font-size:0.8em\">\n<li>\u2022 Eget konto med full tillg\u00e5ng till kyrkanstidning.se<\/li>\n<li>\u2022 E-tidning &#8211; papperstidningen i digital form<\/li>\n<li>\u2022 Nyhetsbrev, temabilagor, poddar, quiz<\/li>\n<\/ul>\n<p>Ord pris 130 kr\/m\u00e5n<\/p>\n<p>\n                    <a class=\"lab-paywall-teaser-offer-button\" href=\"https:\/\/api.kyrkanstidning.se\/paywall\/order?providerUrl=https%3A%2F%2Fauth.kyrkanstidning.se%2Fpurchase%2Fkampanjer%2F3man49&amp;siteAlias=kyrkanstidning&amp;&amp;siteId=2&amp;contentUrl=https%3A%2F%2Fwww.kyrkanstidning.se%2Ffoersamlingsliv%2Fde-blir-hedersdoktorer-i-lund%2F423972\" rel=\"nofollow noopener\" target=\"_blank\">K\u00d6P<\/a>\n                <\/p>\n","protected":false},"excerpt":{"rendered":"Kyrkfolk En artist och en professor \u00e4r nya hedersdoktorer. De nya hedersdoktorerna kommer att ta emot sina utm\u00e4rkelser&hellip;\n","protected":false},"author":2,"featured_media":119887,"comment_status":"","ping_status":"","sticky":false,"template":"","format":"standard","meta":{"footnotes":""},"categories":[5],"tags":[22,23,26,27,17,21,24,25,28,29,15,16,18,34,31,33,32,30,19,20],"class_list":{"0":"post-119886","1":"post","2":"type-post","3":"status-publish","4":"format-standard","5":"has-post-thumbnail","7":"category-rubriker","8":"tag-breaking-news","9":"tag-breakingnews","10":"tag-featured-news","11":"tag-featurednews","12":"tag-headlines","13":"tag-huvudnyheter","14":"tag-latest-news","15":"tag-latestnews","16":"tag-main-news","17":"tag-mainnews","18":"tag-news","19":"tag-nyheter","20":"tag-rubriker","21":"tag-se","22":"tag-svenska","23":"tag-sverige","24":"tag-sweden","25":"tag-swedish","26":"tag-top-stories","27":"tag-topstories"},"share_on_mastodon":{"url":"https:\/\/pubeurope.com\/@se\/115803378338448298","error":""},"_links":{"self":[{"href":"https:\/\/www.europesays.com\/se\/wp-json\/wp\/v2\/posts\/119886","targetHints":{"allow":["GET"]}}],"collection":[{"href":"https:\/\/www.europesays.com\/se\/wp-json\/wp\/v2\/posts"}],"about":[{"href":"https:\/\/www.europesays.com\/se\/wp-json\/wp\/v2\/types\/post"}],"author":[{"embeddable":true,"href":"https:\/\/www.europesays.com\/se\/wp-json\/wp\/v2\/users\/2"}],"replies":[{"embeddable":true,"href":"https:\/\/www.europesays.com\/se\/wp-json\/wp\/v2\/comments?post=119886"}],"version-history":[{"count":0,"href":"https:\/\/www.europesays.com\/se\/wp-json\/wp\/v2\/posts\/119886\/revisions"}],"wp:featuredmedia":[{"embeddable":true,"href":"https:\/\/www.europesays.com\/se\/wp-json\/wp\/v2\/media\/119887"}],"wp:attachment":[{"href":"https:\/\/www.europesays.com\/se\/wp-json\/wp\/v2\/media?parent=119886"}],"wp:term":[{"taxonomy":"category","embeddable":true,"href":"https:\/\/www.europesays.com\/se\/wp-json\/wp\/v2\/categories?post=119886"},{"taxonomy":"post_tag","embeddable":true,"href":"https:\/\/www.europesays.com\/se\/wp-json\/wp\/v2\/tags?post=119886"}],"curies":[{"name":"wp","href":"https:\/\/api.w.org\/{rel}","templated":true}]}}