{"id":119888,"date":"2025-12-29T14:42:30","date_gmt":"2025-12-29T14:42:30","guid":{"rendered":"https:\/\/www.europesays.com\/se\/119888\/"},"modified":"2025-12-29T14:42:30","modified_gmt":"2025-12-29T14:42:30","slug":"oskar-lindberg-skriver-nytt-tvaarskontrakt-kanns-valdigt-bra","status":"publish","type":"post","link":"https:\/\/www.europesays.com\/se\/119888\/","title":{"rendered":"Oskar Lindberg skriver nytt tv\u00e5\u00e5rskontrakt: &#8221;K\u00e4nns v\u00e4ldigt bra&#8221;"},"content":{"rendered":"<p>\n\t\tDen kvicke och tekniske yttermittf\u00e4ltaren Oskar Lindberg har spelat f\u00f6r FFF under de tv\u00e5 senaste s\u00e4songerna. Nu har 25-\u00e5ringen undertecknat ett nytt tv\u00e5\u00e5rskontrakt.\n\t<\/p>\n<p>Yttern fr\u00e5n Tanum i Bohusl\u00e4n spelade 29 seriematcher, varav 22 fr\u00e5n start, och producerade tv\u00e5 m\u00e5l och fyra assists under sin debuts\u00e4song i FFF 2024. I \u00e5r blev det fyra assists p\u00e5 30 matcher (19 starter) i Superettan. Nu \u00e4r Oskar Lindberg klar f\u00f6r tv\u00e5 nya \u00e5r i Gulvitt.<br \/>\u2013 Oskar \u00e4r en av fyra spelare (Alexander Salo, Godwin Aguda och Lucas Sibelius \u00e4r de \u00f6vriga) som spelade samtliga matcher f\u00f6r oss under \u00e5rets lyckade comeback-s\u00e4song i Superettan. Oskars fina teknik, driv med bollen och f\u00f6rm\u00e5ga att hitta in med instick och skapa m\u00e5lchanser f\u00f6r sina lagkamrater \u00e4r egenskaper som vi v\u00e4rdes\u00e4tter. Vi anser att vi har en fin upps\u00e4ttning av yttermittf\u00e4ltare, som kan hj\u00e4lpa FFF att ta steg fram\u00e5t, s\u00e4ger Falkenbergs FF:s sportchef Andreas Jankevics.<\/p>\n<p>Oskar Lindberg trivs som fisken i vattnet och ser fram emot att forts\u00e4tta resan med FFF.<br \/>\u2013 Sj\u00e4lvklart k\u00e4nns det v\u00e4ldigt bra att jag f\u00f6rl\u00e4ngt kontraktet. Efter \u00e5rets s\u00e4song fick vi ett kvitto p\u00e5 att vi \u00e4r att r\u00e4kna med och har chansen att ta oss till n\u00e4sta niv\u00e5. Sen har jag trivts v\u00e4ldigt bra i klubben och staden under dessa tv\u00e5 \u00e5r jag varit h\u00e4r, speciellt med alla ledare, spelare och ideella krafter i f\u00f6reningen, s\u00e4ger 25-\u00e5ringen.<\/p>\n<p>Foto: Robert Boman<\/p>\n","protected":false},"excerpt":{"rendered":"Den kvicke och tekniske yttermittf\u00e4ltaren Oskar Lindberg har spelat f\u00f6r FFF under de tv\u00e5 senaste s\u00e4songerna. Nu har&hellip;\n","protected":false},"author":2,"featured_media":119889,"comment_status":"","ping_status":"","sticky":false,"template":"","format":"standard","meta":{"footnotes":""},"categories":[68],"tags":[34,111,110,31,33,32,30],"class_list":{"0":"post-119888","1":"post","2":"type-post","3":"status-publish","4":"format-standard","5":"has-post-thumbnail","7":"category-sport","8":"tag-se","9":"tag-sport","10":"tag-sports","11":"tag-svenska","12":"tag-sverige","13":"tag-sweden","14":"tag-swedish"},"share_on_mastodon":{"url":"https:\/\/pubeurope.com\/@se\/115803386172390077","error":""},"_links":{"self":[{"href":"https:\/\/www.europesays.com\/se\/wp-json\/wp\/v2\/posts\/119888","targetHints":{"allow":["GET"]}}],"collection":[{"href":"https:\/\/www.europesays.com\/se\/wp-json\/wp\/v2\/posts"}],"about":[{"href":"https:\/\/www.europesays.com\/se\/wp-json\/wp\/v2\/types\/post"}],"author":[{"embeddable":true,"href":"https:\/\/www.europesays.com\/se\/wp-json\/wp\/v2\/users\/2"}],"replies":[{"embeddable":true,"href":"https:\/\/www.europesays.com\/se\/wp-json\/wp\/v2\/comments?post=119888"}],"version-history":[{"count":0,"href":"https:\/\/www.europesays.com\/se\/wp-json\/wp\/v2\/posts\/119888\/revisions"}],"wp:featuredmedia":[{"embeddable":true,"href":"https:\/\/www.europesays.com\/se\/wp-json\/wp\/v2\/media\/119889"}],"wp:attachment":[{"href":"https:\/\/www.europesays.com\/se\/wp-json\/wp\/v2\/media?parent=119888"}],"wp:term":[{"taxonomy":"category","embeddable":true,"href":"https:\/\/www.europesays.com\/se\/wp-json\/wp\/v2\/categories?post=119888"},{"taxonomy":"post_tag","embeddable":true,"href":"https:\/\/www.europesays.com\/se\/wp-json\/wp\/v2\/tags?post=119888"}],"curies":[{"name":"wp","href":"https:\/\/api.w.org\/{rel}","templated":true}]}}