{"id":119900,"date":"2025-12-29T14:59:07","date_gmt":"2025-12-29T14:59:07","guid":{"rendered":"https:\/\/www.europesays.com\/se\/119900\/"},"modified":"2025-12-29T14:59:07","modified_gmt":"2025-12-29T14:59:07","slug":"stal-verktyg-hos-flera-byggforetag-dna-fanns-pa-brottsplatserna","status":"publish","type":"post","link":"https:\/\/www.europesays.com\/se\/119900\/","title":{"rendered":"Stal verktyg hos flera byggf\u00f6retag \u2013 DNA fanns p\u00e5 brottsplatserna"},"content":{"rendered":"<p>En 41-\u00e5rig man misst\u00e4nks ha stulit verktyg f\u00f6r hundratusentals kronor hos byggf\u00f6retag i \u00d6sterg\u00f6tland. Under v\u00e5ren st\u00e4lls mannen inf\u00f6r r\u00e4tta i Norrk\u00f6pings tingsr\u00e4tt. Straffet kan bli f\u00e4ngelse f\u00f6r grov st\u00f6ld.<\/p>\n<p>      <img width=\"800\" height=\"449\" src=\"https:\/\/www.europesays.com\/se\/wp-content\/uploads\/2025\/12\/verktygstjuv-800x449.jpg\" class=\"img-fluid\" alt=\"Misst\u00e4nkt verktygstjuv st\u00e4lls inf\u00f6r r\u00e4tta\" decoding=\"async\" loading=\"lazy\"  \/><\/p>\n<p>\n                          Den 41-\u00e5riga verktygstjuven misst\u00e4nks f\u00f6r flera stora st\u00f6lder. Hans dna \u00e5terfanns p\u00e5 brottsplatserna. Foto: Mostphotos\n                      <\/p>\n<p style=\"font-weight: 400;\">Vertygsst\u00f6lderna ska ha skett hos byggf\u00f6retag i bland annat Norrk\u00f6ping och Link\u00f6ping<a href=\"https:\/\/app.retriever-info.com\/services\/archive?canFetchDataOnDateSelectorChange=true&amp;period=30days&amp;searchString=byggf\u00f6retag\" rel=\"nofollow noopener\" target=\"_blank\">, uppger Norrk\u00f6pings Tidningar.<\/a><\/p>\n<ul>\n<li style=\"font-weight: 400;\">F\u00f6rsta inbrottet intr\u00e4ffade 24 maj 2024, d\u00e5 det stals elektriska verktyg f\u00f6r drygt 100 000 kronor hos ett byggf\u00f6retag i Link\u00f6ping.<\/li>\n<li style=\"font-weight: 400;\">N\u00e5gra m\u00e5nader senare blev ett byggf\u00f6retag i Norrk\u00f6ping bestulet p\u00e5 fr\u00e4mst verktyg \u00a0men \u00e4ven vitvaror och d\u00e4ck. V\u00e4rde: 280 000 kronor.<\/li>\n<li style=\"font-weight: 400;\">\u00c4ven ett hantverkarf\u00f6retag i Valdermarsvik fick p\u00e5h\u00e4lsning av tjuvar och det stals bland annat koppar och verktyg f\u00f6r \u00f6ver 150 000 kronor.<\/li>\n<\/ul>\n<p>Nekar till brott<\/p>\n<p style=\"font-weight: 400;\">Ut\u00f6ver verktygsst\u00f6lderna har det ocks\u00e5 skett inbrott hos en familj, som blev bestulna p\u00e5 smycken och kl\u00e4der.<\/p>\n<p>Det totala st\u00f6ldgodset uppg\u00e5r till \u00f6ver 730 000 kronor.<\/p>\n<p><a href=\"https:\/\/www.byggnadsarbetaren.se\/utkladda-tjuvarnas-jattekupp-mitt-pa-dagen\/\" rel=\"nofollow noopener\" target=\"_blank\">L\u00c4S \u00c4VEN: Utkl\u00e4dda tjuvarnas j\u00e4ttekupp \u2013 mitt p\u00e5 dagen<\/a><\/p>\n<p style=\"font-weight: 400;\">\u00c5klagaren anser att 41-\u00e5ringen har beg\u00e5tt brotten antingen ensam eller \u201dtillsammans och i samf\u00f6rst\u00e5nd med annan\u201d, <a href=\"https:\/\/app.retriever-info.com\/services\/archive?canFetchDataOnDateSelectorChange=true&amp;period=30days&amp;searchString=byggf\u00f6retag\" rel=\"nofollow noopener\" target=\"_blank\">uppger Norrk\u00f6pings Tidningar.<\/a><\/p>\n<p style=\"font-weight: 400;\">41-\u00e5ringen har nekat till brott, men har inte kunnat f\u00f6rklara hur hans DNA hamnat p\u00e5 tv\u00e5 av brottsplatserna.<\/p>\n<p>Kan f\u00e5 f\u00e4ngelse<\/p>\n<p style=\"font-weight: 400;\">Annat bevismaterial \u00e4r s\u00e5 kallade mastt\u00f6mningar, d\u00e4r man kunnat f\u00f6lja hans mobiltelefon och misst\u00e4nkta bilder som fanns i mannens telefonen.<\/p>\n<p style=\"font-weight: 400;\">R\u00e4tteg\u00e5ng h\u00e5lls i Norrk\u00f6pings tingsr\u00e4tt under v\u00e5ren. Om mannen d\u00f6ms f\u00f6r grov st\u00f6ld kan straffet bli f\u00e4ngelse mellan sex m\u00e5nader och sex \u00e5r.<\/p>\n<p style=\"font-weight: 400;\">Det \u00e4r inte f\u00f6rsta g\u00e5ngen som 41-\u00e5ringen d\u00f6ms f\u00f6r byggst\u00f6lder.<br \/>Bara n\u00e5gra m\u00e5nader f\u00f6re \u00e5talet d\u00f6mdes mannen till fyra m\u00e5naders f\u00e4ngelse f\u00f6r grov st\u00f6ld efter att ha stulit en gr\u00e4vmaskin v\u00e4rd 725 000 kronor fr\u00e5n ett f\u00f6retag i Norrk\u00f6ping.<\/p>\n<p>F\u00e5 de senaste byggnyheterna \u2013 direkt i din mail!\u00a0<a href=\"https:\/\/gansub.com\/s\/FbGg8lCfNdvJOo2\/\" rel=\"nofollow noopener\" target=\"_blank\">Prenumerera p\u00e5 \u201dByggnadsarbetarens nyhetsbrev\u201d.<\/a><\/p>\n<p><a href=\"https:\/\/gansub.com\/s\/FbGg8lCfNdvJOo2\/\" rel=\"nofollow noopener\" target=\"_blank\">G\u00e5 med i Facebookgruppen\u00a0<\/a><a href=\"https:\/\/www.facebook.com\/groups\/237187510551001\/\" rel=\"nofollow noopener\" target=\"_blank\">Arbetsmilj\u00f6 p\u00e5 bygget\u00a0<\/a>och f\u00e5 de senaste nyheterna i ditt fl\u00f6de.<\/p>\n","protected":false},"excerpt":{"rendered":"En 41-\u00e5rig man misst\u00e4nks ha stulit verktyg f\u00f6r hundratusentals kronor hos byggf\u00f6retag i \u00d6sterg\u00f6tland. Under v\u00e5ren st\u00e4lls mannen&hellip;\n","protected":false},"author":2,"featured_media":119901,"comment_status":"","ping_status":"","sticky":false,"template":"","format":"standard","meta":{"footnotes":""},"categories":[12],"tags":[22,23,26,27,17,21,24,25,28,29,15,16,18,34,31,33,32,30,19,20],"class_list":{"0":"post-119900","1":"post","2":"type-post","3":"status-publish","4":"format-standard","5":"has-post-thumbnail","7":"category-sverige","8":"tag-breaking-news","9":"tag-breakingnews","10":"tag-featured-news","11":"tag-featurednews","12":"tag-headlines","13":"tag-huvudnyheter","14":"tag-latest-news","15":"tag-latestnews","16":"tag-main-news","17":"tag-mainnews","18":"tag-news","19":"tag-nyheter","20":"tag-rubriker","21":"tag-se","22":"tag-svenska","23":"tag-sverige","24":"tag-sweden","25":"tag-swedish","26":"tag-top-stories","27":"tag-topstories"},"share_on_mastodon":{"url":"https:\/\/pubeurope.com\/@se\/115803453064046832","error":""},"_links":{"self":[{"href":"https:\/\/www.europesays.com\/se\/wp-json\/wp\/v2\/posts\/119900","targetHints":{"allow":["GET"]}}],"collection":[{"href":"https:\/\/www.europesays.com\/se\/wp-json\/wp\/v2\/posts"}],"about":[{"href":"https:\/\/www.europesays.com\/se\/wp-json\/wp\/v2\/types\/post"}],"author":[{"embeddable":true,"href":"https:\/\/www.europesays.com\/se\/wp-json\/wp\/v2\/users\/2"}],"replies":[{"embeddable":true,"href":"https:\/\/www.europesays.com\/se\/wp-json\/wp\/v2\/comments?post=119900"}],"version-history":[{"count":0,"href":"https:\/\/www.europesays.com\/se\/wp-json\/wp\/v2\/posts\/119900\/revisions"}],"wp:featuredmedia":[{"embeddable":true,"href":"https:\/\/www.europesays.com\/se\/wp-json\/wp\/v2\/media\/119901"}],"wp:attachment":[{"href":"https:\/\/www.europesays.com\/se\/wp-json\/wp\/v2\/media?parent=119900"}],"wp:term":[{"taxonomy":"category","embeddable":true,"href":"https:\/\/www.europesays.com\/se\/wp-json\/wp\/v2\/categories?post=119900"},{"taxonomy":"post_tag","embeddable":true,"href":"https:\/\/www.europesays.com\/se\/wp-json\/wp\/v2\/tags?post=119900"}],"curies":[{"name":"wp","href":"https:\/\/api.w.org\/{rel}","templated":true}]}}