{"id":119907,"date":"2025-12-29T15:07:10","date_gmt":"2025-12-29T15:07:10","guid":{"rendered":"https:\/\/www.europesays.com\/se\/119907\/"},"modified":"2025-12-29T15:07:10","modified_gmt":"2025-12-29T15:07:10","slug":"man-fran-osthammar-doms-for-trafikbrott-i-mora","status":"publish","type":"post","link":"https:\/\/www.europesays.com\/se\/119907\/","title":{"rendered":"Man fr\u00e5n \u00d6sthammar d\u00f6ms f\u00f6r trafikbrott i Mora"},"content":{"rendered":"<p>Det var en vinterdag i december 2023 som mannen k\u00f6rde genom sjukhusomr\u00e5det i Mora och frontalkrockade med tv\u00e5 bilar.Efter krockarna ska mannen ha fr\u00e5gat f\u00f6rarna i de b\u00e5da andra bilarna om de skadat sig.\u00a0N\u00e4r han f\u00e5tt h\u00f6ra att de &#8221;efter omst\u00e4ndigheterna m\u00e5tt bra&#8221; avvek han fr\u00e5n platsen. De b\u00e5da f\u00f6rarna har i f\u00f6rh\u00f6r ber\u00e4ttat att de upplevt att mannen fr\u00e5n \u00d6sthammar haft <\/p>\n","protected":false},"excerpt":{"rendered":"Det var en vinterdag i december 2023 som mannen k\u00f6rde genom sjukhusomr\u00e5det i Mora och frontalkrockade med tv\u00e5&hellip;\n","protected":false},"author":2,"featured_media":119908,"comment_status":"","ping_status":"","sticky":false,"template":"","format":"standard","meta":{"footnotes":""},"categories":[12],"tags":[22,23,26,27,17,21,24,25,28,29,15,16,18,34,31,33,32,30,19,20],"class_list":{"0":"post-119907","1":"post","2":"type-post","3":"status-publish","4":"format-standard","5":"has-post-thumbnail","7":"category-sverige","8":"tag-breaking-news","9":"tag-breakingnews","10":"tag-featured-news","11":"tag-featurednews","12":"tag-headlines","13":"tag-huvudnyheter","14":"tag-latest-news","15":"tag-latestnews","16":"tag-main-news","17":"tag-mainnews","18":"tag-news","19":"tag-nyheter","20":"tag-rubriker","21":"tag-se","22":"tag-svenska","23":"tag-sverige","24":"tag-sweden","25":"tag-swedish","26":"tag-top-stories","27":"tag-topstories"},"share_on_mastodon":{"url":"https:\/\/pubeurope.com\/@se\/115803484516253648","error":""},"_links":{"self":[{"href":"https:\/\/www.europesays.com\/se\/wp-json\/wp\/v2\/posts\/119907","targetHints":{"allow":["GET"]}}],"collection":[{"href":"https:\/\/www.europesays.com\/se\/wp-json\/wp\/v2\/posts"}],"about":[{"href":"https:\/\/www.europesays.com\/se\/wp-json\/wp\/v2\/types\/post"}],"author":[{"embeddable":true,"href":"https:\/\/www.europesays.com\/se\/wp-json\/wp\/v2\/users\/2"}],"replies":[{"embeddable":true,"href":"https:\/\/www.europesays.com\/se\/wp-json\/wp\/v2\/comments?post=119907"}],"version-history":[{"count":0,"href":"https:\/\/www.europesays.com\/se\/wp-json\/wp\/v2\/posts\/119907\/revisions"}],"wp:featuredmedia":[{"embeddable":true,"href":"https:\/\/www.europesays.com\/se\/wp-json\/wp\/v2\/media\/119908"}],"wp:attachment":[{"href":"https:\/\/www.europesays.com\/se\/wp-json\/wp\/v2\/media?parent=119907"}],"wp:term":[{"taxonomy":"category","embeddable":true,"href":"https:\/\/www.europesays.com\/se\/wp-json\/wp\/v2\/categories?post=119907"},{"taxonomy":"post_tag","embeddable":true,"href":"https:\/\/www.europesays.com\/se\/wp-json\/wp\/v2\/tags?post=119907"}],"curies":[{"name":"wp","href":"https:\/\/api.w.org\/{rel}","templated":true}]}}