{"id":119909,"date":"2025-12-29T15:08:07","date_gmt":"2025-12-29T15:08:07","guid":{"rendered":"https:\/\/www.europesays.com\/se\/119909\/"},"modified":"2025-12-29T15:08:07","modified_gmt":"2025-12-29T15:08:07","slug":"8-sidor-nya-moten-om-ukraina","status":"publish","type":"post","link":"https:\/\/www.europesays.com\/se\/119909\/","title":{"rendered":"8 Sidor &#8211; Nya m\u00f6ten om Ukraina"},"content":{"rendered":"<p>Ukrainas ledare Zelenskyj har tr\u00e4ffat USAs ledare Trump. Foto: Alex Brandon\/AP\/TT<\/p>\n<p>Rysslands stora krig i Ukraina<br \/>har h\u00e5llit p\u00e5 i n\u00e4stan fyra \u00e5r.<\/p>\n<p>De ryska attackerna slutar inte<br \/>trots att det varit flera m\u00f6ten<br \/>om en paus i kriget.<\/p>\n<p>USA och m\u00e5nga andra l\u00e4nder<br \/>vill ordna fred<br \/>mellan Ryssland och Ukraina.<br \/>Men hittills har det inte g\u00e5tt.<\/p>\n<p>Nyligen tr\u00e4ffade<br \/>Ukrainas ledare Zelenskyj<br \/>USAs ledare Trump.<\/p>\n<p>Efter m\u00f6tet sa Trump<br \/>att arbetet med<br \/>att ordna fred g\u00e5r bra.<\/p>\n<p>Det \u00e4r inte klart<br \/>vad l\u00e4nderna \u00e4r \u00f6verens om.<br \/>Men Ukraina vill bland annat<br \/>att flera l\u00e4nder ska lova<br \/>att hj\u00e4lpa till<br \/>och skydda Ukraina<br \/>om det blir paus i kriget.<\/p>\n<p>I januari blir det ocks\u00e5<br \/>nya m\u00f6ten med<br \/>flera l\u00e4nder i Europa<br \/>om det.<\/p>\n<p>8 SIDOR\/TT<\/p>\n","protected":false},"excerpt":{"rendered":"Ukrainas ledare Zelenskyj har tr\u00e4ffat USAs ledare Trump. Foto: Alex Brandon\/AP\/TT Rysslands stora krig i Ukrainahar h\u00e5llit p\u00e5&hellip;\n","protected":false},"author":2,"featured_media":119910,"comment_status":"","ping_status":"","sticky":false,"template":"","format":"standard","meta":{"footnotes":""},"categories":[5],"tags":[22,23,26,27,17,21,24,25,28,29,15,16,18,34,31,33,32,30,19,20],"class_list":{"0":"post-119909","1":"post","2":"type-post","3":"status-publish","4":"format-standard","5":"has-post-thumbnail","7":"category-rubriker","8":"tag-breaking-news","9":"tag-breakingnews","10":"tag-featured-news","11":"tag-featurednews","12":"tag-headlines","13":"tag-huvudnyheter","14":"tag-latest-news","15":"tag-latestnews","16":"tag-main-news","17":"tag-mainnews","18":"tag-news","19":"tag-nyheter","20":"tag-rubriker","21":"tag-se","22":"tag-svenska","23":"tag-sverige","24":"tag-sweden","25":"tag-swedish","26":"tag-top-stories","27":"tag-topstories"},"share_on_mastodon":{"url":"https:\/\/pubeurope.com\/@se\/115803488396698351","error":""},"_links":{"self":[{"href":"https:\/\/www.europesays.com\/se\/wp-json\/wp\/v2\/posts\/119909","targetHints":{"allow":["GET"]}}],"collection":[{"href":"https:\/\/www.europesays.com\/se\/wp-json\/wp\/v2\/posts"}],"about":[{"href":"https:\/\/www.europesays.com\/se\/wp-json\/wp\/v2\/types\/post"}],"author":[{"embeddable":true,"href":"https:\/\/www.europesays.com\/se\/wp-json\/wp\/v2\/users\/2"}],"replies":[{"embeddable":true,"href":"https:\/\/www.europesays.com\/se\/wp-json\/wp\/v2\/comments?post=119909"}],"version-history":[{"count":0,"href":"https:\/\/www.europesays.com\/se\/wp-json\/wp\/v2\/posts\/119909\/revisions"}],"wp:featuredmedia":[{"embeddable":true,"href":"https:\/\/www.europesays.com\/se\/wp-json\/wp\/v2\/media\/119910"}],"wp:attachment":[{"href":"https:\/\/www.europesays.com\/se\/wp-json\/wp\/v2\/media?parent=119909"}],"wp:term":[{"taxonomy":"category","embeddable":true,"href":"https:\/\/www.europesays.com\/se\/wp-json\/wp\/v2\/categories?post=119909"},{"taxonomy":"post_tag","embeddable":true,"href":"https:\/\/www.europesays.com\/se\/wp-json\/wp\/v2\/tags?post=119909"}],"curies":[{"name":"wp","href":"https:\/\/api.w.org\/{rel}","templated":true}]}}