{"id":119913,"date":"2025-12-29T15:13:23","date_gmt":"2025-12-29T15:13:23","guid":{"rendered":"https:\/\/www.europesays.com\/se\/119913\/"},"modified":"2025-12-29T15:13:23","modified_gmt":"2025-12-29T15:13:23","slug":"forsvarsaktier-backar-efter-fredssamtal-vasterbottens-kuriren","status":"publish","type":"post","link":"https:\/\/www.europesays.com\/se\/119913\/","title":{"rendered":"F\u00f6rsvarsaktier backar efter fredssamtal &#8211; V\u00e4sterbottens-Kuriren"},"content":{"rendered":"<ol>\n<li><a href=\"https:\/\/news.google.com\/rss\/articles\/CBMif0FVX3lxTE1GRTBNcjgyR0kwbWUtWjdSQ0ZBODJFVnpUaEQxQkRjUnFXZGZhTDFabEFyd0w0QzJ2dDVITzh3ZGpoTlFTTXJBVVJtWk5uc2RkcWZjWlhnMG5LWlRtRF9WTWhudEZobHAzWm1oVDVuQU9QMG9KZTBXQXJwdFpScGc?oc=5\" target=\"_blank\" rel=\"nofollow noopener\">F\u00f6rsvarsaktier backar efter fredssamtal<\/a>&nbsp;&nbsp;V\u00e4sterbottens-Kuriren<\/li>\n<li><a href=\"https:\/\/news.google.com\/rss\/articles\/CBMihAFBVV95cUxPb21kam9MQjltSHJGNTFwX1VsWlpCLVNYU3o3Qkk4TkdleklRNktHRS1aWkptNjVYWjdMZWhTMUY1ZEIyaFB4eF9ZdXFuUzdIYVRSdE8tTXY0T3NaelNQQWt0c3lRWU91WE1JMFZMZTl6bVEyYkJoVjlqN0pndktraUNOQjQ?oc=5\" target=\"_blank\" rel=\"nofollow noopener\">Ekonomen om f\u00f6rsvarstappet: \u201dRimligt och logiskt\u201d<\/a>&nbsp;&nbsp;Omni Ekonomi<\/li>\n<li><a href=\"https:\/\/news.google.com\/rss\/articles\/CBMijwFBVV95cUxNMkxFaGVDdjNsUEF2ODlpdTdYMTU1ZWJaOEVLS29rOW40LUE1TmdOZUZVWksxakdRVkNQdGRGQmltdUdZZXZpM2x6ZkR0ZmpsVkFtOTdYUlREcUFWMGFWVUdWY0QzWDNXaW5qeER4aFdwWVBzRjdnVy1IRFByS0Z1VUJ2NHhlemdjTHFfYkhzSQ?oc=5\" target=\"_blank\" rel=\"nofollow noopener\">D\u00e4rf\u00f6r faller f\u00f6rsvarssektorn: \u201dRimligt och logiskt\u201d<\/a>&nbsp;&nbsp;TradeVenue<\/li>\n<li><a href=\"https:\/\/news.google.com\/rss\/articles\/CBMiiwFBVV95cUxNSjlPMHMwcjROQ29GbVdTUWF0YTZhR19ucmlBQWFIRTNWS3YtUFo4TG5LVXNraE9nanNtQWtuUl9wOVN1Y2tWMzVaZmEwaGtmdmV6NG50Wkl1N0VDUzB4Nkh5OWFod0ZENFVoT0U0Tm5XOFQyODZ5U3RHWHJUc09OTzFsNmllUWlONWpz?oc=5\" target=\"_blank\" rel=\"nofollow noopener\">Fredshopp pressar f\u00f6rsvarsaktierna \u2013 Saab backar<\/a>&nbsp;&nbsp;Aff\u00e4rsv\u00e4rlden<\/li>\n<li><a href=\"https:\/\/news.google.com\/rss\/articles\/CBMic0FVX3lxTFB0Q055U210Y3hydXhpOFJCd1hCSS1OUHF5c2dPTll3c1pQd0VvdWpNbVNwc2U4NXpzZHVWS0doeVRobXB4elZ4ekhyRmFKQm1wbkdqaER5OXNCNkQ0MnA5TWhpRmQxVG5UMFdPMzMtTUNWdE0?oc=5\" target=\"_blank\" rel=\"nofollow noopener\">F\u00f6rsvarsj\u00e4ttarna backar efter fredssamtal<\/a>&nbsp;&nbsp;DI<\/li>\n<\/ol>\n","protected":false},"excerpt":{"rendered":"F\u00f6rsvarsaktier backar efter fredssamtal&nbsp;&nbsp;V\u00e4sterbottens-Kuriren Ekonomen om f\u00f6rsvarstappet: \u201dRimligt och logiskt\u201d&nbsp;&nbsp;Omni Ekonomi D\u00e4rf\u00f6r faller f\u00f6rsvarssektorn: \u201dRimligt och logiskt\u201d&nbsp;&nbsp;TradeVenue Fredshopp&hellip;\n","protected":false},"author":2,"featured_media":119914,"comment_status":"","ping_status":"","sticky":false,"template":"","format":"standard","meta":{"footnotes":""},"categories":[65],"tags":[72,70,71,34,31,33,32,30],"class_list":{"0":"post-119913","1":"post","2":"type-post","3":"status-publish","4":"format-standard","5":"has-post-thumbnail","7":"category-ekonomi","8":"tag-business","9":"tag-economy","10":"tag-ekonomi","11":"tag-se","12":"tag-svenska","13":"tag-sverige","14":"tag-sweden","15":"tag-swedish"},"share_on_mastodon":{"url":"https:\/\/pubeurope.com\/@se\/115803508215588934","error":""},"_links":{"self":[{"href":"https:\/\/www.europesays.com\/se\/wp-json\/wp\/v2\/posts\/119913","targetHints":{"allow":["GET"]}}],"collection":[{"href":"https:\/\/www.europesays.com\/se\/wp-json\/wp\/v2\/posts"}],"about":[{"href":"https:\/\/www.europesays.com\/se\/wp-json\/wp\/v2\/types\/post"}],"author":[{"embeddable":true,"href":"https:\/\/www.europesays.com\/se\/wp-json\/wp\/v2\/users\/2"}],"replies":[{"embeddable":true,"href":"https:\/\/www.europesays.com\/se\/wp-json\/wp\/v2\/comments?post=119913"}],"version-history":[{"count":0,"href":"https:\/\/www.europesays.com\/se\/wp-json\/wp\/v2\/posts\/119913\/revisions"}],"wp:featuredmedia":[{"embeddable":true,"href":"https:\/\/www.europesays.com\/se\/wp-json\/wp\/v2\/media\/119914"}],"wp:attachment":[{"href":"https:\/\/www.europesays.com\/se\/wp-json\/wp\/v2\/media?parent=119913"}],"wp:term":[{"taxonomy":"category","embeddable":true,"href":"https:\/\/www.europesays.com\/se\/wp-json\/wp\/v2\/categories?post=119913"},{"taxonomy":"post_tag","embeddable":true,"href":"https:\/\/www.europesays.com\/se\/wp-json\/wp\/v2\/tags?post=119913"}],"curies":[{"name":"wp","href":"https:\/\/api.w.org\/{rel}","templated":true}]}}