{"id":119915,"date":"2025-12-29T15:14:26","date_gmt":"2025-12-29T15:14:26","guid":{"rendered":"https:\/\/www.europesays.com\/se\/119915\/"},"modified":"2025-12-29T15:14:26","modified_gmt":"2025-12-29T15:14:26","slug":"ledare-trump-ar-inte-sarskilt-mycket-battre-an-putin-helagotland","status":"publish","type":"post","link":"https:\/\/www.europesays.com\/se\/119915\/","title":{"rendered":"LEDARE: &quot;Trump \u00e4r inte s\u00e4rskilt mycket b\u00e4ttre \u00e4n Putin&quot; &#8211; Helagotland"},"content":{"rendered":"<ol>\n<li><a href=\"https:\/\/news.google.com\/rss\/articles\/CBMinAFBVV95cUxQVE0tbE1WV3VzSHZ2a19ybUFwUFYwQmpwWWZHREtINlNFdGxKYlh6MGFlY3NrYml2bWprY3lVRVpUakN0MXVWMHZWckR5WDhtejktZHJibzUxQlU4SzlLbDJHdVlWS2xIdms3X0xwbDdmM05rVUprRTNYRUFOWkJZUG1iNDdfVHRxMHQ3NEZfbmJzUzN3YkR3dXZlY00?oc=5\" target=\"_blank\" rel=\"nofollow noopener\">LEDARE: &#8221;Trump \u00e4r inte s\u00e4rskilt mycket b\u00e4ttre \u00e4n Putin&#8221;<\/a>&nbsp;&nbsp;Helagotland<\/li>\n<li><a href=\"https:\/\/news.google.com\/rss\/articles\/CBMifEFVX3lxTFA4UzRSck5Ka3FjV3Ewd3l2M3VZVGNkdndTcWRVMXd1QW9VRkUzbWkxVVVlWUg2RW16RmhYOWhfbG84bUx2cFFLVFJwSldYenp6X2h1Y2QtZy15Y0RWVC1PVEh2QVNUUEtHWFBwNUo2OHZRRFV0eFNDYzNfU3A?oc=5\" target=\"_blank\" rel=\"nofollow noopener\">Danska hotet mot Trump: \u201dVi k\u00f6per amerikanska delstater\u201d<\/a>&nbsp;&nbsp;Expressen<\/li>\n<li><a href=\"https:\/\/news.google.com\/rss\/articles\/CBMikgFBVV95cUxPV2tfcFNoNWxnU0F2eEQxNHZFY19IWDlJMEo0cUpicHZRVmJDdWRud1hMLTRDbVI5Y0Y0Q1RkZjVzYTZFSlpWS0J2cUpmTndMb3UtZE5KeVBncXQwTEhlamxLZjBqQ2daZ0VkVlBpa1ZPV21CVlR1YnlpWEE1dHEtb3ByeXdGMXFvNmJaX0p4dS1Qdw?oc=5\" target=\"_blank\" rel=\"nofollow noopener\">Hallenberg om nya Gr\u00f6nlandsutspelet: \u201dKnivhugg i ryggen\u201d<\/a>&nbsp;&nbsp;SVT Nyheter<\/li>\n<li><a href=\"https:\/\/news.google.com\/rss\/articles\/CBMicEFVX3lxTE5YWEhwcDlfQ1FoUVZMZGtaV2g5bHFKWU1pdHBMTWRiRG1QR0dsTmFKMFVyYmozR05mRURTT2h5VWswQTB1VjQ5X0tsSXhsWFpSUlhQeHY5blc0VFpyQ3NITnNiaWFmQ3J2ZGpSUkVIUy0?oc=5\" target=\"_blank\" rel=\"nofollow noopener\">I Trumps julklapp: Ett eget halvklot<\/a>&nbsp;&nbsp;SvD<\/li>\n<li><a href=\"https:\/\/news.google.com\/rss\/articles\/CBMihwFBVV95cUxQOGdxdGM1NTVITGJfY1NCXy11dnlmQTc4QW1KRUFDZkxFcG9idVRWNko3WWx6bWlDT0JpSVVqX1RfMVJqZUlSeDJ0UXhXeFJyNUNiS1I1ei1KZTVtSGJxdHZtOTB0R2gyMVNXUklvOFFpaWw2bnRuVEZBTXNodTNyUzUxX2tPd00?oc=5\" target=\"_blank\" rel=\"nofollow noopener\">S\u00e4ndebudet: USA t\u00e4nker inte \u201der\u00f6vra\u201d Gr\u00f6nland<\/a>&nbsp;&nbsp;Sveriges Radio<\/li>\n<\/ol>\n","protected":false},"excerpt":{"rendered":"LEDARE: &#8221;Trump \u00e4r inte s\u00e4rskilt mycket b\u00e4ttre \u00e4n Putin&#8221;&nbsp;&nbsp;Helagotland Danska hotet mot Trump: \u201dVi k\u00f6per amerikanska delstater\u201d&nbsp;&nbsp;Expressen Hallenberg&hellip;\n","protected":false},"author":2,"featured_media":119916,"comment_status":"","ping_status":"","sticky":false,"template":"","format":"standard","meta":{"footnotes":""},"categories":[14],"tags":[22,23,26,27,17,21,24,25,28,29,15,16,18,34,31,33,32,30,19,20,51,52,53,54],"class_list":{"0":"post-119915","1":"post","2":"type-post","3":"status-publish","4":"format-standard","5":"has-post-thumbnail","7":"category-varlden","8":"tag-breaking-news","9":"tag-breakingnews","10":"tag-featured-news","11":"tag-featurednews","12":"tag-headlines","13":"tag-huvudnyheter","14":"tag-latest-news","15":"tag-latestnews","16":"tag-main-news","17":"tag-mainnews","18":"tag-news","19":"tag-nyheter","20":"tag-rubriker","21":"tag-se","22":"tag-svenska","23":"tag-sverige","24":"tag-sweden","25":"tag-swedish","26":"tag-top-stories","27":"tag-topstories","28":"tag-varlden","29":"tag-world","30":"tag-world-news","31":"tag-worldnews"},"share_on_mastodon":{"url":"https:\/\/pubeurope.com\/@se\/115803512076523988","error":""},"_links":{"self":[{"href":"https:\/\/www.europesays.com\/se\/wp-json\/wp\/v2\/posts\/119915","targetHints":{"allow":["GET"]}}],"collection":[{"href":"https:\/\/www.europesays.com\/se\/wp-json\/wp\/v2\/posts"}],"about":[{"href":"https:\/\/www.europesays.com\/se\/wp-json\/wp\/v2\/types\/post"}],"author":[{"embeddable":true,"href":"https:\/\/www.europesays.com\/se\/wp-json\/wp\/v2\/users\/2"}],"replies":[{"embeddable":true,"href":"https:\/\/www.europesays.com\/se\/wp-json\/wp\/v2\/comments?post=119915"}],"version-history":[{"count":0,"href":"https:\/\/www.europesays.com\/se\/wp-json\/wp\/v2\/posts\/119915\/revisions"}],"wp:featuredmedia":[{"embeddable":true,"href":"https:\/\/www.europesays.com\/se\/wp-json\/wp\/v2\/media\/119916"}],"wp:attachment":[{"href":"https:\/\/www.europesays.com\/se\/wp-json\/wp\/v2\/media?parent=119915"}],"wp:term":[{"taxonomy":"category","embeddable":true,"href":"https:\/\/www.europesays.com\/se\/wp-json\/wp\/v2\/categories?post=119915"},{"taxonomy":"post_tag","embeddable":true,"href":"https:\/\/www.europesays.com\/se\/wp-json\/wp\/v2\/tags?post=119915"}],"curies":[{"name":"wp","href":"https:\/\/api.w.org\/{rel}","templated":true}]}}