{"id":119917,"date":"2025-12-29T15:15:09","date_gmt":"2025-12-29T15:15:09","guid":{"rendered":"https:\/\/www.europesays.com\/se\/119917\/"},"modified":"2025-12-29T15:15:09","modified_gmt":"2025-12-29T15:15:09","slug":"kvinna-misstanks-for-misshandel-hot-och-barnfridsbrott","status":"publish","type":"post","link":"https:\/\/www.europesays.com\/se\/119917\/","title":{"rendered":"Kvinna misst\u00e4nks f\u00f6r misshandel, hot och barnfridsbrott"},"content":{"rendered":"<p>Larmet om h\u00e4ndelsen kom in klockan 09.11. N\u00e4r polispatrullen anl\u00e4nde s\u00e4rades parterna.\u00a0P\u00e5 platsen fanns \u00e4ven en kvinna i 65-\u00e5rs\u00e5ldern som, enligt polisen, ska ha blivit hotad och slagen av den yngre kvinnan. Mannen, som \u00e4r i 40-\u00e5rs\u00e5ldern, uppges ocks\u00e5 ha blivit hotad.En kvinna i 30-\u00e5rs\u00e5ldern greps p\u00e5 platsen.\u00a0Hon \u00e4r nu misst\u00e4nkt f\u00f6r ringa misshandel och olaga hot mot <\/p>\n","protected":false},"excerpt":{"rendered":"Larmet om h\u00e4ndelsen kom in klockan 09.11. N\u00e4r polispatrullen anl\u00e4nde s\u00e4rades parterna.\u00a0P\u00e5 platsen fanns \u00e4ven en kvinna i&hellip;\n","protected":false},"author":2,"featured_media":7167,"comment_status":"","ping_status":"","sticky":false,"template":"","format":"standard","meta":{"footnotes":""},"categories":[12],"tags":[22,23,26,27,17,21,24,25,28,29,15,16,18,34,31,33,32,30,19,20],"class_list":{"0":"post-119917","1":"post","2":"type-post","3":"status-publish","4":"format-standard","5":"has-post-thumbnail","7":"category-sverige","8":"tag-breaking-news","9":"tag-breakingnews","10":"tag-featured-news","11":"tag-featurednews","12":"tag-headlines","13":"tag-huvudnyheter","14":"tag-latest-news","15":"tag-latestnews","16":"tag-main-news","17":"tag-mainnews","18":"tag-news","19":"tag-nyheter","20":"tag-rubriker","21":"tag-se","22":"tag-svenska","23":"tag-sverige","24":"tag-sweden","25":"tag-swedish","26":"tag-top-stories","27":"tag-topstories"},"share_on_mastodon":{"url":"https:\/\/pubeurope.com\/@se\/115803516147058287","error":""},"_links":{"self":[{"href":"https:\/\/www.europesays.com\/se\/wp-json\/wp\/v2\/posts\/119917","targetHints":{"allow":["GET"]}}],"collection":[{"href":"https:\/\/www.europesays.com\/se\/wp-json\/wp\/v2\/posts"}],"about":[{"href":"https:\/\/www.europesays.com\/se\/wp-json\/wp\/v2\/types\/post"}],"author":[{"embeddable":true,"href":"https:\/\/www.europesays.com\/se\/wp-json\/wp\/v2\/users\/2"}],"replies":[{"embeddable":true,"href":"https:\/\/www.europesays.com\/se\/wp-json\/wp\/v2\/comments?post=119917"}],"version-history":[{"count":0,"href":"https:\/\/www.europesays.com\/se\/wp-json\/wp\/v2\/posts\/119917\/revisions"}],"wp:featuredmedia":[{"embeddable":true,"href":"https:\/\/www.europesays.com\/se\/wp-json\/wp\/v2\/media\/7167"}],"wp:attachment":[{"href":"https:\/\/www.europesays.com\/se\/wp-json\/wp\/v2\/media?parent=119917"}],"wp:term":[{"taxonomy":"category","embeddable":true,"href":"https:\/\/www.europesays.com\/se\/wp-json\/wp\/v2\/categories?post=119917"},{"taxonomy":"post_tag","embeddable":true,"href":"https:\/\/www.europesays.com\/se\/wp-json\/wp\/v2\/tags?post=119917"}],"curies":[{"name":"wp","href":"https:\/\/api.w.org\/{rel}","templated":true}]}}