{"id":119918,"date":"2025-12-29T15:16:09","date_gmt":"2025-12-29T15:16:09","guid":{"rendered":"https:\/\/www.europesays.com\/se\/119918\/"},"modified":"2025-12-29T15:16:09","modified_gmt":"2025-12-29T15:16:09","slug":"skot-ihjal-en-pojke-i-skogas-bilden-fick-nk-att-sluta-ta-emot-kontanter","status":"publish","type":"post","link":"https:\/\/www.europesays.com\/se\/119918\/","title":{"rendered":"Sk\u00f6t ihj\u00e4l en pojke i Skog\u00e5s \u2013 bilden fick NK att sluta ta emot kontanter"},"content":{"rendered":"<p><a data-test-tag=\"internal-link\" href=\"https:\/\/www.aftonbladet.se\/av\/mikaela-somnell\" class=\"hyperion-css-13ns1rr\" rel=\"nofollow noopener\" target=\"\" aria-label=\"Se alla artiklar av Mikaela Somnell\"><img decoding=\"async\" class=\"image-asset hyperion-css-n6kkq1\" data-test-tag=\"image-asset\" src=\"https:\/\/www.europesays.com\/se\/wp-content\/uploads\/2025\/12\/9309a147-2004-4c47-8640-27e295339fee.png\"  alt=\"\"  loading=\"lazy\" fetchpriority=\"auto\" style=\"aspect-ratio:1900 \/ 1900\"\/><\/a>share-arrowDela<\/p>\n<p>unsaveSpara<\/p>\n<p>expand-left<\/p>\n<p>helsk\u00e4rm<img decoding=\"async\" class=\"image-asset hyperion-css-u06ts1\" data-test-tag=\"image-asset\" src=\"https:\/\/www.europesays.com\/se\/wp-content\/uploads\/2025\/12\/086d1fda-6f5e-4167-acdf-2c9e2617c900.jpeg\"  alt=\"15-\u00e5ringen begav sig till NK kort efter att ha m\u00f6rdat en j\u00e4mn\u00e5rig pojke. \"  loading=\"eager\" fetchpriority=\"high\" style=\"aspect-ratio:1900 \/ 1267\"\/>15-\u00e5ringen begav sig till NK kort efter att ha m\u00f6rdat en j\u00e4mn\u00e5rig pojke. Foto: Magnus Wennman<\/p>\n<p class=\"hyperion-css-1shl3oz\" data-test-tag=\"lead-text\">Efter mordet \u00e5kte den 15-\u00e5rige skytten till NK.<\/p>\n<p class=\"hyperion-css-1shl3oz\" data-test-tag=\"lead-text\">F\u00f6r blodspengarna k\u00f6pte han en dyr jacka \u2013 vilket fick varuhuset att agera. <\/p>\n<p class=\"hyperion-css-1shl3oz\" data-test-tag=\"lead-text\">\u2013 Det h\u00e4r \u00e4r k\u00e4nsligt f\u00f6r NK, s\u00e4ger Sofia Ulver, docent i marknadsf\u00f6ring vid Lunds universitet.<\/p>\n<ul class=\"hyperion-css-e9gx76\" data-test-tag=\"list\">\n<li class=\"hyperion-css-1d843yr\">En 15-\u00e5rig pojke m\u00f6rdade en annan ung pojke och anv\u00e4nde pengarna han fick som betalning f\u00f6r brottet f\u00f6r att k\u00f6pa en dyr jacka p\u00e5 varuhuset NK, vilket ledde till att varuhuset slutade acceptera kontanter.<\/li>\n<li class=\"hyperion-css-1d843yr\">NK:s beslut att avskaffa kontanter var fr\u00e4mst en \u00e5tg\u00e4rd f\u00f6r att f\u00f6rb\u00e4ttra s\u00e4kerheten, minska administrationen och f\u00f6rebygga penningtv\u00e4tt utan st\u00f6rre dramatiska incidenter i bakgrunden.<\/li>\n<li class=\"hyperion-css-1d843yr\">N\u00e4rvaron av g\u00e4ngkriminella p\u00e5 NK \u00e4r o\u00f6nskad b\u00e5de av s\u00e4kerhetssk\u00e4l och f\u00f6r att skydda varuhusets varum\u00e4rke fr\u00e5n att associeras med konsumtion som dessa individer bedriver.<\/li>\n<\/ul>\n<p>L\u00e4s mer<\/p>\n<p class=\"hyperion-css-1v9qo5x\">I januari 2023 sk\u00f6ts en 15-\u00e5rig pojke ihj\u00e4l p\u00e5 en sushirestaurang i <a data-test-tag=\"internal-link\" href=\"https:\/\/www.aftonbladet.se\/tagg\/skogas\" class=\"hyperion-css-15jkft9\" rel=\"nofollow noopener\" target=\"\" aria-label=\"Skog\u00e5s\">Skog\u00e5s<\/a> s\u00f6der om Stockholm. G\u00e4rningsmannen, en j\u00e4mn\u00e5rig pojke, fick 85\u00a0000 kronor i kontanter f\u00f6r uppdraget. P\u00e5 mobilbilder visade han stolt upp pengarna, h\u00f6ll 500-lappar utf\u00e4llda som en solfj\u00e4der medan han pekade finger mot linsen med andra handen. <\/p>\n<p class=\"hyperion-css-1v9qo5x\">Dagar senare f\u00e5ngade en \u00f6vervakningskamera \u00f6gonblicket d\u00e5 han med samma sedlar k\u00f6pte en jacka fr\u00e5n exklusiva m\u00e4rket Moose Knuckles p\u00e5 <a data-test-tag=\"internal-link\" href=\"https:\/\/www.aftonbladet.se\/tagg\/nordiska-kompaniet\" class=\"hyperion-css-15jkft9\" rel=\"nofollow noopener\" target=\"\" aria-label=\"NK\">NK<\/a>. <\/p>\n<p class=\"hyperion-css-1v9qo5x\">N\u00e4r \u00e5talet v\u00e4cktes svarade NK med att kort d\u00e4rp\u00e5 slopa all kontanthantering. <\/p>\n<p class=\"hyperion-css-1v9qo5x\">Beslutet var ett s\u00e4tt att effektivisera butikspersonalens arbete \u2013 men ocks\u00e5 att f\u00f6rebygga penningtv\u00e4tt, det var NK \u00f6ppna med.<\/p>\n<p class=\"hyperion-css-1v9qo5x\">N\u00e4r varuhusets d\u00e5varande vd, Bo Wikare, intervjuades av Sveriges radio om kopplingarna till Skog\u00e5s-mordet uttryckte han oro f\u00f6r att NK:s varum\u00e4rke skulle kunna ta skada.<\/p>\n<p class=\"hyperion-css-1v9qo5x\">\u2013 En viktig faktor bakom beslutet \u00e4r att g\u00e4ngkriminella inte l\u00e4ngre ska kunna anv\u00e4nda svarta pengar i varuhuset, sa han d\u00e5.    <\/p>\n<p>expand-left<\/p>\n<p>helsk\u00e4rm<img decoding=\"async\" class=\"image-asset hyperion-css-u06ts1\" data-test-tag=\"image-asset\" src=\"https:\/\/www.europesays.com\/se\/wp-content\/uploads\/2025\/12\/80f40ebb-e83d-4de8-b3ee-60b966d60301.jpeg\"  alt=\"15-\u00e5ringen f\u00e5ngades p\u00e5 NK:s \u00f6vervakningskamera n\u00e4r han handlade f\u00f6r mordpengarna. \"  loading=\"eager\" fetchpriority=\"high\" style=\"aspect-ratio:723 \/ 472\"\/>15-\u00e5ringen f\u00e5ngades p\u00e5 NK:s \u00f6vervakningskamera n\u00e4r han handlade f\u00f6r mordpengarna. Foto: Polisen \/ TT Nyhetsbyr\u00e5n<\/p>\n<p class=\"hyperion-css-1v9qo5x\">\u2013 Det var inte en s\u00e5 stor omst\u00e4llning egentligen, s\u00e4ger Ulrica Bogh-Lind, varuhusets presschef, idag. <\/p>\n<p class=\"hyperion-css-1v9qo5x\">\u2013 Vi hade redan en policy om att vid kontant betalning fr\u00e5n 10\u00a0000 kronor m\u00e5ste man kunna redovisa var pengarna kommer fr\u00e5n. Det var ett stort ansvar f\u00f6r dem som hanterade kontanterna. Nu blir det mindre administration, mindre risk f\u00f6r penningtv\u00e4tt och s\u00e4krare f\u00f6r personalen.<\/p>\n<p class=\"hyperion-css-1v9qo5x\"><strong>Vad spelade det faktum att g\u00e4ngkriminella shoppade hos er f\u00f6r roll i beslutet?<\/strong><\/p>\n<p class=\"hyperion-css-1v9qo5x\">\u2013 Det var den h\u00e4ndelsen 2023, som vi tog p\u00e5 st\u00f6rsta allvar, men annars har vi inte haft n\u00e5gra st\u00f6rre incidenter. Policyn har med trygghet och kundernas betalvanor att g\u00f6ra. <\/p>\n<p>expand-left<\/p>\n<p>helsk\u00e4rm<img decoding=\"async\" class=\"image-asset hyperion-css-u06ts1\" data-test-tag=\"image-asset\" src=\"https:\/\/www.europesays.com\/se\/wp-content\/uploads\/2025\/12\/e6846200-10b1-486e-9773-8e4f5dabbbb8.jpeg\"  alt=\"G\u00e4rningsmannen visar stolt upp kontanterna han fick f\u00f6r att m\u00f6rda en annan pojke. \"  loading=\"eager\" fetchpriority=\"high\" style=\"aspect-ratio:1403 \/ 1251\"\/>G\u00e4rningsmannen visar stolt upp kontanterna han fick f\u00f6r att m\u00f6rda en annan pojke. Foto: Polisen \/ TT Nyhetsbyr\u00e5n\u201dSpecifika m\u00e4rken\u201d<\/p>\n<p class=\"hyperion-css-1v9qo5x\">Om kriminella r\u00f6r sig mycket p\u00e5 NK eller inte \u00e4r sv\u00e5rt att sl\u00e5 fast. <\/p>\n<p class=\"hyperion-css-1v9qo5x\">Men att det finns en dragning till vissa exklusiva kl\u00e4dm\u00e4rken och statussymboler bland kriminella \u00e4r k\u00e4nt. <\/p>\n<p class=\"hyperion-css-1v9qo5x\">\u2013 Det \u00e4r mycket specifika m\u00e4rken som Boss, Moncler, Louis Vuitton och Gucci som b\u00e4rs p\u00e5 ett ganska \u201din your face\u201d-s\u00e4tt, men ocks\u00e5 med en finess som f\u00f6r utomst\u00e5ende \u00e4r sv\u00e5r att l\u00e4sa av. Man kanske b\u00e4r sitt Guccisk\u00e4rp p\u00e5 ett visst s\u00e4tt \u2014 det handlar om sm\u00e5 koder, s\u00e4ger Sofia Ulver, docent i marknadsf\u00f6ring vid Lunds universitet som har forskat om kl\u00e4dstil och varum\u00e4rken i utsatta omr\u00e5den. <\/p>\n<p>expand-left<\/p>\n<p>helsk\u00e4rm<img decoding=\"async\" class=\"image-asset hyperion-css-u06ts1\" data-test-tag=\"image-asset\" src=\"https:\/\/www.europesays.com\/se\/wp-content\/uploads\/2025\/12\/3f499fe3-fa32-4048-bbb7-e227661180a3.jpeg\"  alt=\"Sofia Ulver, docent vid Lunds universitet. \"  loading=\"eager\" fetchpriority=\"high\" style=\"aspect-ratio:1800 \/ 2701\"\/>Sofia Ulver, docent vid Lunds universitet. Foto: Johan Persson\u201dN\u00e5t annat \u00e4n Mall of Scandinavia\u201d<\/p>\n<p class=\"hyperion-css-1v9qo5x\">Hon tror att en stor f\u00f6rklaring till att g\u00e4ngkriminella kan t\u00e4nkas dras till NK \u00e4r att det \u00e4r ett av f\u00e5 varuhus i Sverige d\u00e4r de mest exklusiva m\u00e4rkena s\u00e4ljs under ett tak. <\/p>\n<p class=\"hyperion-css-1v9qo5x\">\u2013 Det \u00e4r fortfarande NK som borgar f\u00f6r de flesta av de dyraste varum\u00e4rkena oavsett om det \u00e4r dam, herr eller kosmetik. Det blir en naturlig destination om det \u00e4r vad man \u00e4r ute efter. Vi har \u00e4ven Biblioteksgatan men p\u00e5 NK kan du g\u00e5 runt inomhus och titta ett tag innan du best\u00e4mmer dig. <\/p>\n<p>expand-left<\/p>\n<p>helsk\u00e4rm<img decoding=\"async\" class=\"image-asset hyperion-css-u06ts1\" data-test-tag=\"image-asset\" src=\"https:\/\/www.europesays.com\/se\/wp-content\/uploads\/2025\/12\/9a4786b1-67ab-4612-b9ff-3a848b2d17b1.jpeg\"  alt=\"15-\u00e5ringen i Skog\u00e5s m\u00f6rdade f\u00f6r att kunna handla p\u00e5 NK.\"  loading=\"eager\" fetchpriority=\"high\" style=\"aspect-ratio:1900 \/ 1304\"\/>15-\u00e5ringen i Skog\u00e5s m\u00f6rdade f\u00f6r att kunna handla p\u00e5 NK. Foto: Filip Meneses<\/p>\n<p class=\"hyperion-css-1v9qo5x\">Men NK st\u00e5r ocks\u00e5 f\u00f6r n\u00e5got annat, menar Sofia Ulver. Platsen i sig har ett starkt symbolv\u00e4rde.<\/p>\n<p class=\"hyperion-css-1v9qo5x\">\u2013 Att vara inne p\u00e5 NK blir lite som majoritetssvenskarnas finsalong. G\u00e5r man in d\u00e4r kan man k\u00e4nna \u201dNu har jag f\u00e5tt g\u00e5 in h\u00e4r, I made it\u201d. Det \u00e4r mer \u00e4n Mall of Scandinavia. Jag kan g\u00e5 in i det h\u00e4r rummet och handla precis som de rikaste svenskarna. Jag har klarat n\u00e5got och jag f\u00e5r vara med.<\/p>\n<p>\u201dK\u00e4nsligt f\u00f6r NK\u201d<\/p>\n<p class=\"hyperion-css-1v9qo5x\">F\u00f6r varuhusets del tror Sofia Ulver att g\u00e4ngkriminella \u00e4r o\u00f6nskade av fler sk\u00e4l \u00e4n s\u00e4kerhetsrisken. <\/p>\n<p class=\"hyperion-css-1v9qo5x\">\u2013 Jag har sj\u00e4lv velat prata med NK om detta men hittills inte lyckats. Det \u00e4r k\u00e4nsligt. Man vill sannolikt inte f\u00f6rknippas med det h\u00e4r alls.<\/p>\n<p class=\"hyperion-css-1v9qo5x\">\u2013 Man vill associeras med en gammal h\u00f6gborgerlig syn p\u00e5 smak. Deras varum\u00e4rke \u00e4r n\u00e5got helt annat \u00e4n den sortens konsumtion som g\u00e4ngkriminella g\u00e4rna \u00e4gnar sig \u00e5t.<\/p>\n","protected":false},"excerpt":{"rendered":"share-arrowDela unsaveSpara expand-left helsk\u00e4rm15-\u00e5ringen begav sig till NK kort efter att ha m\u00f6rdat en j\u00e4mn\u00e5rig pojke. Foto: Magnus&hellip;\n","protected":false},"author":2,"featured_media":119919,"comment_status":"","ping_status":"","sticky":false,"template":"","format":"standard","meta":{"footnotes":""},"categories":[5],"tags":[22,23,26,27,17,21,24,25,28,29,15,16,18,34,31,33,32,30,19,20],"class_list":{"0":"post-119918","1":"post","2":"type-post","3":"status-publish","4":"format-standard","5":"has-post-thumbnail","7":"category-rubriker","8":"tag-breaking-news","9":"tag-breakingnews","10":"tag-featured-news","11":"tag-featurednews","12":"tag-headlines","13":"tag-huvudnyheter","14":"tag-latest-news","15":"tag-latestnews","16":"tag-main-news","17":"tag-mainnews","18":"tag-news","19":"tag-nyheter","20":"tag-rubriker","21":"tag-se","22":"tag-svenska","23":"tag-sverige","24":"tag-sweden","25":"tag-swedish","26":"tag-top-stories","27":"tag-topstories"},"share_on_mastodon":{"url":"https:\/\/pubeurope.com\/@se\/115803519914554052","error":""},"_links":{"self":[{"href":"https:\/\/www.europesays.com\/se\/wp-json\/wp\/v2\/posts\/119918","targetHints":{"allow":["GET"]}}],"collection":[{"href":"https:\/\/www.europesays.com\/se\/wp-json\/wp\/v2\/posts"}],"about":[{"href":"https:\/\/www.europesays.com\/se\/wp-json\/wp\/v2\/types\/post"}],"author":[{"embeddable":true,"href":"https:\/\/www.europesays.com\/se\/wp-json\/wp\/v2\/users\/2"}],"replies":[{"embeddable":true,"href":"https:\/\/www.europesays.com\/se\/wp-json\/wp\/v2\/comments?post=119918"}],"version-history":[{"count":0,"href":"https:\/\/www.europesays.com\/se\/wp-json\/wp\/v2\/posts\/119918\/revisions"}],"wp:featuredmedia":[{"embeddable":true,"href":"https:\/\/www.europesays.com\/se\/wp-json\/wp\/v2\/media\/119919"}],"wp:attachment":[{"href":"https:\/\/www.europesays.com\/se\/wp-json\/wp\/v2\/media?parent=119918"}],"wp:term":[{"taxonomy":"category","embeddable":true,"href":"https:\/\/www.europesays.com\/se\/wp-json\/wp\/v2\/categories?post=119918"},{"taxonomy":"post_tag","embeddable":true,"href":"https:\/\/www.europesays.com\/se\/wp-json\/wp\/v2\/tags?post=119918"}],"curies":[{"name":"wp","href":"https:\/\/api.w.org\/{rel}","templated":true}]}}