{"id":119924,"date":"2025-12-29T15:24:45","date_gmt":"2025-12-29T15:24:45","guid":{"rendered":"https:\/\/www.europesays.com\/se\/119924\/"},"modified":"2025-12-29T15:24:45","modified_gmt":"2025-12-29T15:24:45","slug":"lat-2026-bli-aret-vi-tar-barnen-ur-gangens-klor","status":"publish","type":"post","link":"https:\/\/www.europesays.com\/se\/119924\/","title":{"rendered":"L\u00e5t 2026 bli \u00e5ret vi tar barnen ur g\u00e4ngens klor"},"content":{"rendered":"<p class=\"kicker \" style=\"\">Kr\u00f6nika<\/p>\n<p>    Allt pekar mot det uppenbara &#8211; tidiga insatser och meningsfulla alternativ \u00e4r b\u00e4sta v\u00e4gen att f\u00e5 barnen ur g\u00e4ngkriminalitet.<\/p>\n<p>\n        Polisen ska inte beh\u00f6va gripa barn.<br \/>\n        Mikael M Johansson och Jonathan Jeppson\/TT\n    <\/p>\n<p>En 12-\u00e5ring misst\u00e4nks ligga bakom en av \u00e5rets sista<br \/>\nuppm\u00e4rksammade d\u00f6dsskjutningar.<br \/>\nMed all sannolikhet rekryterad f\u00f6r att utf\u00f6ra mordet p\u00e5 en 21-\u00e5rig man i hans<br \/>\nbil i Malm\u00f6.<\/p>\n<p>I \u00e5r har omkring 130 barn under 15 \u00e5r varit misst\u00e4nkta f\u00f6r<br \/>\ninblandning i olika mordplaner. Det \u00e4r siffror som \u00e4r sv\u00e5ra att ta in.<\/p>\n<p>G\u00e4ngv\u00e5ldets tentakler har tagit sig in p\u00e5 v\u00e5ra skolg\u00e5rdar<br \/>\noch klamrat sig fast. Den nya generationens organiserade kriminalitet tycks<br \/>\ninte bara vara helt likgiltig inf\u00f6r dem som elimineras i mordplanerna, utan<br \/>\nocks\u00e5 inf\u00f6r vad det g\u00f6r med de barn som utnyttjas f\u00f6r att utf\u00f6ra d\u00f6dligt v\u00e5ld.<\/p>\n<p>L\u00e5t oss kalla det f\u00f6r vad det \u00e4r: trafficking och grovt<br \/>\nutnyttjande av barn.<\/p>\n<p>I st\u00e4llet f\u00f6r att fastna i diskussionen om hur l\u00e5ngt ner i<br \/>\n\u00e5ldrarna straffbarheten ska n\u00e5, borde vi rikta blicken mot dem som cyniskt sl\u00e5r<br \/>\nsina klor i barnen och g\u00f6r dem till verktyg i en kriminell logik.<\/p>\n<p>Men det finns en sak till som f\u00f6rtj\u00e4nar uppm\u00e4rksamhet.<\/p>\n<p>I Br\u00e5:s f\u00e4rska rapport <a href=\"https:\/\/bra.se\/download\/18.59d65a451976264ac8210957\/1751886346328\/2025_11_Barn%20under%2015%20%C3%A5r%20som%20beg%C3%A5r%20allvarliga%20brott.pdf\" rel=\"nofollow noopener\" target=\"_blank\">\u201dBarn under 15 \u00e5r som beg\u00e5r<br \/>\nallvarliga brott\u201d<\/a> framtr\u00e4der en avg\u00f6rande insikt i hur det v\u00e4xande<br \/>\nproblemet kan m\u00f6tas. De barn som misst\u00e4nks f\u00f6r grova brott \u00e4r n\u00e4mligen inte<br \/>\nok\u00e4nda f\u00f6r samh\u00e4llet. Tv\u00e4rtom.<\/p>\n<p>N\u00e4stan nio av tio var redan k\u00e4nda av socialtj\u00e4nsten innan<br \/>\ndet allvarliga brottet begicks. M\u00e5nga hade haft skolproblem, h\u00f6g fr\u00e5nvaro,<br \/>\ntidigare utsatthet f\u00f6r v\u00e5ld eller vuxna med egna sv\u00e5righeter i sin n\u00e4rhet.<br \/>\nRiskgruppen finns allts\u00e5 d\u00e4r, framf\u00f6r myndigheternas \u00f6gon, ofta \u00e4nda fram till<br \/>\ndet som sedan blir ytterligare en pinne i brotts-statistiken.<\/p>\n<p>Men innan samh\u00e4llet lyckas n\u00e5 dem, har<br \/>\ng\u00e4ngkriminaliteten uppenbarligen hunnit f\u00f6re.<\/p>\n<p>N\u00e5got har g\u00e5tt s\u00f6nder i Sverige n\u00e4r barn v\u00e4xer upp till att<br \/>\nbeg\u00e5 mord. Men n\u00e5got har ocks\u00e5 g\u00e5tt s\u00f6nder n\u00e4r vi saknar tillr\u00e4ckligt<br \/>\nkraftfulla och uth\u00e5lliga verktyg f\u00f6r att n\u00e5 barnen i tid \u2013 s\u00e4rskilt d\u00e5, n\u00e4r vi vet<br \/>\nvilka de \u00e4r.<\/p>\n<p>Att skydda samh\u00e4llet fr\u00e5n farliga m\u00e4nniskor \u00e4r en grundbult<br \/>\ni en r\u00e4ttsstat. Men de farligaste riskerar att g\u00e5 fria om all energi l\u00e4ggs p\u00e5<br \/>\natt straffa barnen, i st\u00e4llet f\u00f6r att stoppa dem som rekryterar, hotar och<br \/>\nutnyttjar dem.<\/p>\n<p>All kraft m\u00e5ste i st\u00e4llet riktas mot tidiga och l\u00e5ngsiktiga<br \/>\ninsatser f\u00f6r barn i riskzonen \u2013 och mot att sl\u00e5 s\u00f6nder de kriminella n\u00e4tverkens<br \/>\nstrukturer. De l\u00e4nder som lyckats v\u00e4nda trenden, som Norge, Nederl\u00e4nderna och<br \/>\nTyskland, visar att v\u00e4gen fram\u00e5t inte fr\u00e4mst g\u00e5r genom h\u00e5rdare straff, utan<br \/>\ngenom n\u00e4rvaro: tidiga insatser, familjest\u00f6d, skoln\u00e4rvaro och lokal samverkan.<\/p>\n<p>Det \u00e4r inte h\u00e5rdhet som saknas. Det \u00e4r n\u00e4rvaro.<\/p>\n<p>Fler vuxna i skolan.<br \/>\nMer socialt arbete d\u00e4r barnen faktiskt \u00e4r.<br \/>\nTidigare och uth\u00e5lligt st\u00f6d till familjer.<br \/>\nOch insatser som inte upph\u00f6r efter ett halv\u00e5r.<\/p>\n<p>Precis detta pekar \u00e4ven Br\u00e5 p\u00e5 som avg\u00f6rande i Sverige.<\/p>\n<p>H\u00e4r vill jag ocks\u00e5 lyfta civilsamh\u00e4llets och kyrkans<br \/>\nm\u00f6jligheter. Att finnas n\u00e4ra barn tidigt, erbjuda trygga sammanhang och<br \/>\nmeningsfull fritid, kan vara skillnaden mellan att bli sedd \u2013 eller att bli<br \/>\nrekryterad.<\/p>\n<p>Inf\u00f6r val\u00e5ret 2026 hoppas jag att samtalet om v\u00e5ra s\u00e5<br \/>\nkallade barnsoldater hamnar d\u00e4r det h\u00f6r hemma: i insikten om att det handlar om<br \/>\nbrottsligt utnyttjande av utsatta barn, snarare \u00e4n om brottsliga barn.<\/p>\n<p>Det kommer att kosta mer, b\u00e5de politiskt och ekonomiskt, att<br \/>\ndra de l\u00e5nga, f\u00f6rebyggande strecken. Men priset f\u00f6r att l\u00e5ta bli \u00e4r l\u00e5ngt<br \/>\nh\u00f6gre. Och i slut\u00e4ndan \u00e4r jag \u00f6vertygad om att det \u00e4r en investering v\u00e4rd allt.<\/p>\n","protected":false},"excerpt":{"rendered":"Kr\u00f6nika Allt pekar mot det uppenbara &#8211; tidiga insatser och meningsfulla alternativ \u00e4r b\u00e4sta v\u00e4gen att f\u00e5 barnen&hellip;\n","protected":false},"author":2,"featured_media":119925,"comment_status":"","ping_status":"","sticky":false,"template":"","format":"standard","meta":{"footnotes":""},"categories":[5],"tags":[22,23,26,27,17,21,24,25,28,29,15,16,18,34,31,33,32,30,19,20],"class_list":{"0":"post-119924","1":"post","2":"type-post","3":"status-publish","4":"format-standard","5":"has-post-thumbnail","7":"category-rubriker","8":"tag-breaking-news","9":"tag-breakingnews","10":"tag-featured-news","11":"tag-featurednews","12":"tag-headlines","13":"tag-huvudnyheter","14":"tag-latest-news","15":"tag-latestnews","16":"tag-main-news","17":"tag-mainnews","18":"tag-news","19":"tag-nyheter","20":"tag-rubriker","21":"tag-se","22":"tag-svenska","23":"tag-sverige","24":"tag-sweden","25":"tag-swedish","26":"tag-top-stories","27":"tag-topstories"},"share_on_mastodon":{"url":"https:\/\/pubeurope.com\/@se\/115803551343047732","error":""},"_links":{"self":[{"href":"https:\/\/www.europesays.com\/se\/wp-json\/wp\/v2\/posts\/119924","targetHints":{"allow":["GET"]}}],"collection":[{"href":"https:\/\/www.europesays.com\/se\/wp-json\/wp\/v2\/posts"}],"about":[{"href":"https:\/\/www.europesays.com\/se\/wp-json\/wp\/v2\/types\/post"}],"author":[{"embeddable":true,"href":"https:\/\/www.europesays.com\/se\/wp-json\/wp\/v2\/users\/2"}],"replies":[{"embeddable":true,"href":"https:\/\/www.europesays.com\/se\/wp-json\/wp\/v2\/comments?post=119924"}],"version-history":[{"count":0,"href":"https:\/\/www.europesays.com\/se\/wp-json\/wp\/v2\/posts\/119924\/revisions"}],"wp:featuredmedia":[{"embeddable":true,"href":"https:\/\/www.europesays.com\/se\/wp-json\/wp\/v2\/media\/119925"}],"wp:attachment":[{"href":"https:\/\/www.europesays.com\/se\/wp-json\/wp\/v2\/media?parent=119924"}],"wp:term":[{"taxonomy":"category","embeddable":true,"href":"https:\/\/www.europesays.com\/se\/wp-json\/wp\/v2\/categories?post=119924"},{"taxonomy":"post_tag","embeddable":true,"href":"https:\/\/www.europesays.com\/se\/wp-json\/wp\/v2\/tags?post=119924"}],"curies":[{"name":"wp","href":"https:\/\/api.w.org\/{rel}","templated":true}]}}