{"id":119932,"date":"2025-12-29T15:31:07","date_gmt":"2025-12-29T15:31:07","guid":{"rendered":"https:\/\/www.europesays.com\/se\/119932\/"},"modified":"2025-12-29T15:31:07","modified_gmt":"2025-12-29T15:31:07","slug":"maria-larsson-de-kriminella-har-fritt-fram","status":"publish","type":"post","link":"https:\/\/www.europesays.com\/se\/119932\/","title":{"rendered":"Maria Larsson: &#8221;De kriminella har fritt fram&#8221;"},"content":{"rendered":"<p>&#13;<br \/>\n\t\t\t\t\t\t\t\t\t\t\t\t\t\t\t\t\t\t\t\t\t\tRegeringens beslut att inte stoppa s\u00f6ktj\u00e4nster f\u00f6r att f\u00e5 fram personuppgifter l\u00e4mnar f\u00e4ltet \u00f6ppet f\u00f6r kriminella att kartl\u00e4gga \u00e4ldre och uts\u00e4tta dem f\u00f6r brott, anser seniororganisationerna.\t\t\t\t\t\t\t\t\t\t\t&#13;<br \/>\n\t\t\t\t\t\t\t\t\t\t\t\tFoto: Getty Images\t\t\t\t\t\t\t\t\t\t\t&#13;\n\t\t\t\t\t\t\t\t\t\t<\/p>\n<p class=\"ingress\">&#13;<br \/>\n\t\t\t\t\t\t\t\t\t\t\tI ett \u00f6ppet brev anklagar SPF Seniorerna, PRO och SKPF Pension\u00e4rerna regeringen f\u00f6r att svika \u00e4ldre. Genom att inte stoppa s\u00f6ktj\u00e4nster f\u00f6r personuppgifter kan kriminella forts\u00e4tta kartl\u00e4gga och uts\u00e4tta seniorer f\u00f6r brott.\t\t\t\t\t\t\t\t\t\t<\/p>\n<p>&#13;<br \/>\n\t\t\t\t\t\t\t\t\t\t\t\t\t\tAnna B\u00e4s\u00e9n\t\t\t\t\t\t\t\t\t\t\t\t\t<\/p>\n<p>&#13;<br \/>\n\t\t\t\t\t\t\t\t\t\t\t\t\t\tPublicerad 2025-12-29&#13;\n\t\t\t\t\t\t\t\t\t\t\t\t\t<\/p>\n<p>Regeringens besked att inte g\u00e5 vidare med planerna p\u00e5 att begr\u00e4nsa n\u00e4tbaserade s\u00f6ktj\u00e4nster som sprider personuppgifter v\u00e4cker stark kritik fr\u00e5n landets st\u00f6rsta pension\u00e4rsorganisationer. <\/p>\n<p>Idag har SPF Seniorerna, PRO och SKPF Pension\u00e4rerna skickat ett gemensamt \u00f6ppet brev till regeringen. <\/p>\n<p>\u2013 Det \u00e4r fruktansv\u00e4rt att t\u00e4nka p\u00e5 alla de \u00e4ldre som blivit lurade av kriminella att l\u00e4mna \u00f6ver sina smycken, pengar och v\u00e4rdesaker. Det \u00e4r personliga tragedier och fler tillkommer varje dag eftersom de kriminella har fritt fram, s\u00e4ger Maria Larsson, f\u00f6rbundsordf\u00f6rande f\u00f6r SPF Seniorerna, <a href=\"https:\/\/via.tt.se\/pressmeddelande\/4200248\/pro-spf-seniorerna-och-skpf-pensionarerna-kritiska-till-beslut-om-soktjanster?publisherId=3236146&amp;lang=sv\" rel=\"nofollow noopener\" target=\"_blank\">i en kommentar<\/a>.  <\/p>\n<p>Skjuter beslut om s\u00f6ktj\u00e4nster p\u00e5 framtiden<\/p>\n<p>Organisationerna framh\u00e5ller att regeringspartierna var \u00f6verens om att stoppa s\u00f6ktj\u00e4nsterna f\u00f6r ett \u00e5r sen. De skulle t\u00e4ppa till det undantag i grundlagen som till\u00e5ter s\u00f6ktj\u00e4nster att sprida personuppgifter p\u00e5 internet utan personernas samtycke.<\/p>\n<p>Men nu har regeringen meddelat att man inte t\u00e4nker begr\u00e4nsa s\u00f6ktj\u00e4nsterna p\u00e5 n\u00e4tet. Regeringen skjuter ist\u00e4llet beslutet p\u00e5 framtiden.<\/p>\n<p><a href=\"https:\/\/www.senioren.se\/wp-content\/uploads\/2025\/12\/kollageseniorermotbedragerier.jpg\" rel=\"nofollow noopener\" target=\"_blank\"><img loading=\"lazy\" decoding=\"async\" width=\"1024\" height=\"683\" src=\"https:\/\/www.europesays.com\/se\/wp-content\/uploads\/2025\/12\/kollageseniorermotbedragerier-1024x683.jpg\" alt=\"\" class=\"wp-image-270831\"  \/><\/a>Regeringen har svikit sitt l\u00f6fte och l\u00e4mnat f\u00e4ltet \u00f6ppet f\u00f6r de kriminella. Nu kr\u00e4ver Maria Larsson, SPF Seniorerna, \u00c5sa Lindestam, PRO och Liza di Paolo-Sandberg, SKPF Pension\u00e4rerna, nya och snabba snabba \u00e5tg\u00e4rder f\u00f6r att skydda \u00e4ldre fr\u00e5n brott.<br \/>Foto: Margareta Bloom Sandeb\u00e4ck, Anneli Nyg\u00e5rds och Johan Marklund. <\/p>\n<p>Nu kr\u00e4ver seniororganisationerna att regeringen kompenserar f\u00f6r denna uteblivna \u00e5tg\u00e4rd.<\/p>\n<p>Kr\u00e4ver nya \u00e5tg\u00e4rder f\u00f6r att skydda \u00e4ldre fr\u00e5n brott<\/p>\n<p>De vill att regeringen presenterar andra, konkreta \u00e5tg\u00e4rder f\u00f6r att skydda \u00e4ldre fr\u00e5n brott och bedr\u00e4gerier.<\/p>\n<p>\u2013 Regeringen beh\u00f6ver skyndsamt presentera andra \u00e5tg\u00e4rder f\u00f6r att komma \u00e5t det h\u00e4r, s\u00e4ger Maria Larsson.<\/p>\n<p>S\u00f6ktj\u00e4nster underl\u00e4ttar brott mot \u00e4ldre<\/p>\n<p>Pension\u00e4rsorganisationerna framh\u00e5ller att s\u00f6ktj\u00e4nsterna g\u00f6r det v\u00e4ldigt enkelt f\u00f6r kriminella att kartl\u00e4gga \u00e4ldre och v\u00e4lja ut brottsoffer.<\/p>\n<p>Det g\u00e5r att se vilka som bor p\u00e5 en viss adress, hur m\u00e5nga som bor d\u00e4r och hur gamla de \u00e4r. Det g\u00e5r \u00e4ven att se vissa tillg\u00e5ngar personerna har.\u00a0<\/p>\n<p>Men det kr\u00e4vs en \u00e4ndring i grundlagen f\u00f6r att stoppa s\u00f6ktj\u00e4nsterna. Eftersom regeringen inte agerar nu dr\u00f6jer det fyra \u00e5r tills det finns m\u00f6jlighet att g\u00f6ra det.<\/p>\n<p>Bedr\u00e4gerier och brott mot \u00e4ldre \u00f6kar<\/p>\n<p>Bedr\u00e4gerier och brott mot \u00e4ldre har \u00f6kat kraftigt de senaste \u00e5ren.<\/p>\n<p>Telefonbedr\u00e4gerier, falska hembes\u00f6k och organiserade st\u00f6lder leder ofta till stora ekonomiska f\u00f6rluster och l\u00e5ngvarig otrygghet f\u00f6r de drabbade.<\/p>\n<p>\u2013 Regeringen lovade att t\u00e4ppa till ett h\u00e5l som g\u00f6r det enklare f\u00f6r kriminella att v\u00e4lja ut och kartl\u00e4gga \u00e4ldre, po\u00e4ngterar Liza di Paolo-Sandberg, f\u00f6rbundsordf\u00f6rande f\u00f6r SKPF Pension\u00e4rerna. <\/p>\n<p>Kr\u00e4ver snabba \u00e5tg\u00e4rder f\u00f6r att \u00f6ka tryggheten<\/p>\n<p>Bakgrunden \u00e4r bet\u00e4nkandet <a href=\"https:\/\/www.regeringen.se\/rattsliga-dokument\/statens-offentliga-utredningar\/2024\/11\/sou-202475\/\" rel=\"nofollow noopener\" target=\"_blank\">Personuppgifter och mediegrundlagarna<\/a>, som Senioren <a href=\"https:\/\/www.senioren.se\/nyheter\/utredaren-sa-kan-vi-stoppa-soktjanster-pa-natet\/\" rel=\"nofollow noopener\" target=\"_blank\">rapporterat om<\/a>. Det \u00f6verl\u00e4mnades till regeringen i november 2024.<\/p>\n<p>Trots att remisstiden har avslutats har regeringen allts\u00e5 valt att inte g\u00e5 vidare med f\u00f6rslagen.<\/p>\n<p>Pension\u00e4rsorganisationerna anser att regeringen l\u00e4mnar \u00e4ldre fortsatt utsatta f\u00f6r kriminella.<\/p>\n<p>D\u00e4rf\u00f6r efterlyser de snabba och tydliga besked om vad regeringen ska g\u00f6ra f\u00f6r att st\u00e4rka tryggheten f\u00f6r Sveriges seniorer.<\/p>\n<p>&#13;<br \/>\n\t\t\t\t\t\t\t\t\t\t\t\t\tAnna B\u00e4s\u00e9n\t\t\t\t\t\t\t\t\t\t\t\t<\/p>\n<p>&#13;<br \/>\n\t\t\t\t\t\t\t\t\t\t\t\t\tPublicerad 2025-12-29&#13;\n\t\t\t\t\t\t\t\t\t\t\t\t<\/p>\n","protected":false},"excerpt":{"rendered":"&#13; Regeringens beslut att inte stoppa s\u00f6ktj\u00e4nster f\u00f6r att f\u00e5 fram personuppgifter l\u00e4mnar f\u00e4ltet \u00f6ppet f\u00f6r kriminella att&hellip;\n","protected":false},"author":2,"featured_media":119933,"comment_status":"","ping_status":"","sticky":false,"template":"","format":"standard","meta":{"footnotes":""},"categories":[12],"tags":[22,23,26,27,17,21,24,25,28,29,15,16,18,34,31,33,32,30,19,20],"class_list":{"0":"post-119932","1":"post","2":"type-post","3":"status-publish","4":"format-standard","5":"has-post-thumbnail","7":"category-sverige","8":"tag-breaking-news","9":"tag-breakingnews","10":"tag-featured-news","11":"tag-featurednews","12":"tag-headlines","13":"tag-huvudnyheter","14":"tag-latest-news","15":"tag-latestnews","16":"tag-main-news","17":"tag-mainnews","18":"tag-news","19":"tag-nyheter","20":"tag-rubriker","21":"tag-se","22":"tag-svenska","23":"tag-sverige","24":"tag-sweden","25":"tag-swedish","26":"tag-top-stories","27":"tag-topstories"},"share_on_mastodon":{"url":"https:\/\/pubeurope.com\/@se\/115803579008033096","error":""},"_links":{"self":[{"href":"https:\/\/www.europesays.com\/se\/wp-json\/wp\/v2\/posts\/119932","targetHints":{"allow":["GET"]}}],"collection":[{"href":"https:\/\/www.europesays.com\/se\/wp-json\/wp\/v2\/posts"}],"about":[{"href":"https:\/\/www.europesays.com\/se\/wp-json\/wp\/v2\/types\/post"}],"author":[{"embeddable":true,"href":"https:\/\/www.europesays.com\/se\/wp-json\/wp\/v2\/users\/2"}],"replies":[{"embeddable":true,"href":"https:\/\/www.europesays.com\/se\/wp-json\/wp\/v2\/comments?post=119932"}],"version-history":[{"count":0,"href":"https:\/\/www.europesays.com\/se\/wp-json\/wp\/v2\/posts\/119932\/revisions"}],"wp:featuredmedia":[{"embeddable":true,"href":"https:\/\/www.europesays.com\/se\/wp-json\/wp\/v2\/media\/119933"}],"wp:attachment":[{"href":"https:\/\/www.europesays.com\/se\/wp-json\/wp\/v2\/media?parent=119932"}],"wp:term":[{"taxonomy":"category","embeddable":true,"href":"https:\/\/www.europesays.com\/se\/wp-json\/wp\/v2\/categories?post=119932"},{"taxonomy":"post_tag","embeddable":true,"href":"https:\/\/www.europesays.com\/se\/wp-json\/wp\/v2\/tags?post=119932"}],"curies":[{"name":"wp","href":"https:\/\/api.w.org\/{rel}","templated":true}]}}